{"id":8811,"date":"2022-09-03T19:06:07","date_gmt":"2022-09-04T00:06:07","guid":{"rendered":"https:\/\/podernacional.com\/?p=8811"},"modified":"2022-09-04T00:06:08","modified_gmt":"2022-09-04T00:06:08","slug":"rosalia-manifiesta-su-admiracion-por-shakira-durante-concierto-amo-a-esta-mujer","status":"publish","type":"post","link":"https:\/\/podernacional.com\/?p=8811","title":{"rendered":"Rosal\u00eda manifiesta su admiraci\u00f3n por Shakira durante concierto: \u201cAmo a esta mujer\u201d"},"content":{"rendered":"<h4>Shakira se enter\u00f3 de esta situaci\u00f3n y reaccion\u00f3 a trav\u00e9s de una historia en Instagram.<\/h4>\n<p><a href=\"https:\/\/twitter.com\/rosalia\">Rosal\u00eda<\/a>: La cantante Rosal\u00eda sigue de gira por Am\u00e9rica Latina tras los conciertos que brind\u00f3 en M\u00e9xico.<\/p>\n<p>Donde gener\u00f3 mucho revuelo entre sus fans, y durante su presentaci\u00f3n en Colombia la espa\u00f1ola tuvo un gesto que cobr\u00f3 notoriedad en redes sociales.<\/p>\n<p>Resulta que en plena presentaci\u00f3n en la ciudad de Bogot\u00e1, la responsable del disco Motomami manifest\u00f3 su admiraci\u00f3n por otra gran estrella internacional: Shakira.<\/p>\n<p>\u00a1La misma actitud! Captan en TikTok a la &#8216;mini Rosal\u00eda&#8217; y se hace viral<\/p>\n<p>Esto sucedi\u00f3 luego de que un asistente al show avent\u00f3 una playera al escenario de la espa\u00f1ola.<\/p>\n<p>Esto\u00a0con el nombre de la cantante detr\u00e1s de \u00e9xitos como:<\/p>\n<p>Antolog\u00eda, Rabiosa y Las de la intuici\u00f3n.<\/p>\n<p>Rosal\u00eda tom\u00f3 la prenda, mir\u00f3 el nombre de su colega y luego, con mucha emoci\u00f3n, la presumi\u00f3 a todos sus fans.<\/p>\n<h4>\u201cDesde peque\u00f1a amo a esta mujer\u201d.<\/h4>\n<p>\u201cLa amo, es una referencia y voy a guardar esto con mucho amor\u201d, dijo la estrella europea.<\/p>\n<p>Ademas que\u00a0lo que de inmediato gener\u00f3 una ovaci\u00f3n y aplausos entre los presentes.<\/p>\n<p>Reacci\u00f3n de Shakira<\/p>\n<p>Destaca que Shakira se enter\u00f3 de esta situaci\u00f3n, que se volvi\u00f3 viral sobre todo en TikTok e Instagram.<\/p>\n<p>Con esto,\u00a0reaccion\u00f3 con un breve mensaje que emocion\u00f3 tanto a sus fans como a los de la espa\u00f1ola.<\/p>\n<p>\u201cRosi, que lindas palabras. Mi pa\u00eds y yo tambi\u00e9n te queremos mucho\u201d, escribi\u00f3 la colombiana en una historia en su cuenta de Instagram.<\/p>\n","protected":false},"excerpt":{"rendered":"<p>Shakira se enter\u00f3 de esta situaci\u00f3n y reaccion\u00f3 a trav\u00e9s de una historia en Instagram. Rosal\u00eda: La cantante Rosal\u00eda sigue de gira por Am\u00e9rica Latina tras los conciertos que brind\u00f3 en M\u00e9xico. Donde gener\u00f3 mucho revuelo entre sus fans, y durante su presentaci\u00f3n en Colombia la espa\u00f1ola tuvo un gesto que cobr\u00f3 notoriedad en redes [&hellip;]<\/p>\n","protected":false},"author":1,"featured_media":8813,"comment_status":"open","ping_status":"closed","sticky":false,"template":"","format":"standard","meta":{"footnotes":""},"categories":[4,5],"tags":[],"class_list":["post-8811","post","type-post","status-publish","format-standard","has-post-thumbnail","hentry","category-espectaculos","category-internacional"],"_links":{"self":[{"href":"https:\/\/podernacional.com\/index.php?rest_route=\/wp\/v2\/posts\/8811","targetHints":{"allow":["GET"]}}],"collection":[{"href":"https:\/\/podernacional.com\/index.php?rest_route=\/wp\/v2\/posts"}],"about":[{"href":"https:\/\/podernacional.com\/index.php?rest_route=\/wp\/v2\/types\/post"}],"author":[{"embeddable":true,"href":"https:\/\/podernacional.com\/index.php?rest_route=\/wp\/v2\/users\/1"}],"replies":[{"embeddable":true,"href":"https:\/\/podernacional.com\/index.php?rest_route=%2Fwp%2Fv2%2Fcomments&post=8811"}],"version-history":[{"count":1,"href":"https:\/\/podernacional.com\/index.php?rest_route=\/wp\/v2\/posts\/8811\/revisions"}],"predecessor-version":[{"id":8812,"href":"https:\/\/podernacional.com\/index.php?rest_route=\/wp\/v2\/posts\/8811\/revisions\/8812"}],"wp:featuredmedia":[{"embeddable":true,"href":"https:\/\/podernacional.com\/index.php?rest_route=\/wp\/v2\/media\/8813"}],"wp:attachment":[{"href":"https:\/\/podernacional.com\/index.php?rest_route=%2Fwp%2Fv2%2Fmedia&parent=8811"}],"wp:term":[{"taxonomy":"category","embeddable":true,"href":"https:\/\/podernacional.com\/index.php?rest_route=%2Fwp%2Fv2%2Fcategories&post=8811"},{"taxonomy":"post_tag","embeddable":true,"href":"https:\/\/podernacional.com\/index.php?rest_route=%2Fwp%2Fv2%2Ftags&post=8811"}],"curies":[{"name":"wp","href":"https:\/\/api.w.org\/{rel}","templated":true}]}}