{"id":8814,"date":"2022-09-03T19:18:26","date_gmt":"2022-09-04T00:18:26","guid":{"rendered":"https:\/\/podernacional.com\/?p=8814"},"modified":"2022-09-04T00:18:28","modified_gmt":"2022-09-04T00:18:28","slug":"hallan-en-los-alpes-suizos-esqueleto-de-montanero-desaparecido-en-1990","status":"publish","type":"post","link":"https:\/\/podernacional.com\/?p=8814","title":{"rendered":"Hallan en los Alpes suizos esqueleto de monta\u00f1ero desaparecido en 1990"},"content":{"rendered":"<h4>Alpes suizos El alpinista alem\u00e1n ten\u00eda 32 a\u00f1os cuando su pista se perdi\u00f3 en agosto de dicho a\u00f1o<\/h4>\n<p><a href=\"https:\/\/www.tripadvisor.com.mx\/Tourism-g188077-Swiss_Alps-Vacations.html\">Alpes suizos<\/a> : La polic\u00eda del cant\u00f3n suizo de Valais, en el suroeste del pa\u00eds.<\/p>\n<p>confirm\u00f3 que un esqueleto y otros restos descubiertos hace unas semanas en el glaciar de Stockji.<\/p>\n<p>Ademas que en el popular destino tur\u00edstico de Zermatt, pertenecen a un alpinista alem\u00e1n desaparecido hace 32 a\u00f1os.<\/p>\n<p>Los an\u00e1lisis de ADN de los huesos, hallados el 26 de julio por dos monta\u00f1eros franceses.<\/p>\n<p>Los cuales han permitido confirmar que se trata de los restos del citado alpinista, que ten\u00eda 27 a\u00f1os en el momento de su desaparici\u00f3n.<\/p>\n<h4>Ademas de\u00a0cuya pista se perdi\u00f3 en agosto de 1990, indicaron fuentes policiales en un comunicado.<\/h4>\n<p>El monta\u00f1ero germano hab\u00eda partido desde Chamonix, en los Alpes franceses, con la intenci\u00f3n de alcanzar Domodossola.<\/p>\n<p>Entonces, en Italia, atravesando zonas alpinas del Valais suizo. Alpes suizos.<\/p>\n<p>Ademas que\u00a0tras su desaparici\u00f3n se inici\u00f3 una b\u00fasqueda que en aquel entonces fue suspendida sin resultados.<\/p>\n<p>En los meses de verano, la fundici\u00f3n de los glaciares alpinos, cada vez m\u00e1s intensa a causa del cambio clim\u00e1tico.<\/p>\n<p>Ademas que permite en ocasiones descubrir restos de alpinistas desaparecidos en diversas \u00e9pocas.<\/p>\n<p>Un segundo esqueleto, a\u00fan en proceso de identificaci\u00f3n, fue descubierto a principios de agosto en otro glaciar de Valais, el de Chessjen.<\/p>\n<p>Tambi\u00e9n se hallaron recientemente los restos de un avi\u00f3n que se estrell\u00f3 hace 54 a\u00f1os en Aletsch, el mayor glaciar de Europa occidental.<\/p>\n","protected":false},"excerpt":{"rendered":"<p>Alpes suizos El alpinista alem\u00e1n ten\u00eda 32 a\u00f1os cuando su pista se perdi\u00f3 en agosto de dicho a\u00f1o Alpes suizos : La polic\u00eda del cant\u00f3n suizo de Valais, en el suroeste del pa\u00eds. confirm\u00f3 que un esqueleto y otros restos descubiertos hace unas semanas en el glaciar de Stockji. Ademas que en el popular destino [&hellip;]<\/p>\n","protected":false},"author":1,"featured_media":8816,"comment_status":"open","ping_status":"closed","sticky":false,"template":"","format":"standard","meta":{"footnotes":""},"categories":[2,5],"tags":[],"class_list":["post-8814","post","type-post","status-publish","format-standard","has-post-thumbnail","hentry","category-cultural","category-internacional"],"_links":{"self":[{"href":"https:\/\/podernacional.com\/index.php?rest_route=\/wp\/v2\/posts\/8814","targetHints":{"allow":["GET"]}}],"collection":[{"href":"https:\/\/podernacional.com\/index.php?rest_route=\/wp\/v2\/posts"}],"about":[{"href":"https:\/\/podernacional.com\/index.php?rest_route=\/wp\/v2\/types\/post"}],"author":[{"embeddable":true,"href":"https:\/\/podernacional.com\/index.php?rest_route=\/wp\/v2\/users\/1"}],"replies":[{"embeddable":true,"href":"https:\/\/podernacional.com\/index.php?rest_route=%2Fwp%2Fv2%2Fcomments&post=8814"}],"version-history":[{"count":1,"href":"https:\/\/podernacional.com\/index.php?rest_route=\/wp\/v2\/posts\/8814\/revisions"}],"predecessor-version":[{"id":8815,"href":"https:\/\/podernacional.com\/index.php?rest_route=\/wp\/v2\/posts\/8814\/revisions\/8815"}],"wp:featuredmedia":[{"embeddable":true,"href":"https:\/\/podernacional.com\/index.php?rest_route=\/wp\/v2\/media\/8816"}],"wp:attachment":[{"href":"https:\/\/podernacional.com\/index.php?rest_route=%2Fwp%2Fv2%2Fmedia&parent=8814"}],"wp:term":[{"taxonomy":"category","embeddable":true,"href":"https:\/\/podernacional.com\/index.php?rest_route=%2Fwp%2Fv2%2Fcategories&post=8814"},{"taxonomy":"post_tag","embeddable":true,"href":"https:\/\/podernacional.com\/index.php?rest_route=%2Fwp%2Fv2%2Ftags&post=8814"}],"curies":[{"name":"wp","href":"https:\/\/api.w.org\/{rel}","templated":true}]}}