{"id":8817,"date":"2022-09-03T19:34:14","date_gmt":"2022-09-04T00:34:14","guid":{"rendered":"https:\/\/podernacional.com\/?p=8817"},"modified":"2022-09-04T00:34:15","modified_gmt":"2022-09-04T00:34:15","slug":"cancun-nueva-alcaldesa-tomara-posesion-el-20-de-septiembre","status":"publish","type":"post","link":"https:\/\/podernacional.com\/?p=8817","title":{"rendered":"Canc\u00fan: nueva alcaldesa tomar\u00e1 posesi\u00f3n el 20 de septiembre"},"content":{"rendered":"<h4>Ana Patricia Peralta de la Pe\u00f1a asumir\u00e1 la presidencia municipal de Benito Ju\u00e1rez el pr\u00f3ximo 20 de septiembre.<\/h4>\n<p>Nueva alcaldesa: Ademas que para sustituir en el cargo a Mara Lezama Espinosa, quien result\u00f3 electa como gobernadora de Quintana Roo.<\/p>\n<p>Lourdes Cardona Muza, encargada de despacho de la presidencia municipal, se\u00f1al\u00f3 que esa fecha se acord\u00f3 con el equipo de Peralta.<\/p>\n<p>Aunque reconoci\u00f3 que falta por definir el horario para celebrar la sesi\u00f3n solemne de cabildo donde har\u00e1 entrega del cargo.<\/p>\n<h4>\u00abTodav\u00eda no tenemos la hora, porque el equipo de Ana Patricia Peralta todav\u00eda no nos ha confirmado qu\u00e9 hora es la que ella decidir\u00e1.<\/h4>\n<p>\u201cYa que para hacer la toma de protesta como nueva presidenta municipal, pero ya es un hecho que ser\u00e1 el 20 de septiembre\u201d, afirm\u00f3 Cardona.<\/p>\n<p>Acerca de si habr\u00e1 cambios en el gabinete con la pr\u00f3xima presidenta municipal.<\/p>\n<p>Ademas la alcaldesa encargada reconoci\u00f3 que hasta el momento no se ha platicado al respecto con Peralta de la Pe\u00f1a.<\/p>\n<p>Por lo que habr\u00e1 que esperar a ver si se hacen ajustes.<\/p>\n<p>En cuanto a las fiestas patrias, Cardona Muza se\u00f1al\u00f3 que.<\/p>\n<p>Adem\u00e1s de que encabezar\u00e1 la celebraci\u00f3n de la ceremonia del Grito de Independencia en el Palacio Municipal.<\/p>\n<p>Con esto se confirm\u00f3 que se llevar\u00e1 a cabo el desfile del 16 de septiembre, realizado por la Secretar\u00eda de la Defensa Nacional.<\/p>\n","protected":false},"excerpt":{"rendered":"<p>Ana Patricia Peralta de la Pe\u00f1a asumir\u00e1 la presidencia municipal de Benito Ju\u00e1rez el pr\u00f3ximo 20 de septiembre. Nueva alcaldesa: Ademas que para sustituir en el cargo a Mara Lezama Espinosa, quien result\u00f3 electa como gobernadora de Quintana Roo. Lourdes Cardona Muza, encargada de despacho de la presidencia municipal, se\u00f1al\u00f3 que esa fecha se acord\u00f3 [&hellip;]<\/p>\n","protected":false},"author":1,"featured_media":8819,"comment_status":"open","ping_status":"closed","sticky":false,"template":"","format":"standard","meta":{"footnotes":""},"categories":[6,10],"tags":[],"class_list":["post-8817","post","type-post","status-publish","format-standard","has-post-thumbnail","hentry","category-local","category-quintana-roo"],"_links":{"self":[{"href":"https:\/\/podernacional.com\/index.php?rest_route=\/wp\/v2\/posts\/8817","targetHints":{"allow":["GET"]}}],"collection":[{"href":"https:\/\/podernacional.com\/index.php?rest_route=\/wp\/v2\/posts"}],"about":[{"href":"https:\/\/podernacional.com\/index.php?rest_route=\/wp\/v2\/types\/post"}],"author":[{"embeddable":true,"href":"https:\/\/podernacional.com\/index.php?rest_route=\/wp\/v2\/users\/1"}],"replies":[{"embeddable":true,"href":"https:\/\/podernacional.com\/index.php?rest_route=%2Fwp%2Fv2%2Fcomments&post=8817"}],"version-history":[{"count":1,"href":"https:\/\/podernacional.com\/index.php?rest_route=\/wp\/v2\/posts\/8817\/revisions"}],"predecessor-version":[{"id":8818,"href":"https:\/\/podernacional.com\/index.php?rest_route=\/wp\/v2\/posts\/8817\/revisions\/8818"}],"wp:featuredmedia":[{"embeddable":true,"href":"https:\/\/podernacional.com\/index.php?rest_route=\/wp\/v2\/media\/8819"}],"wp:attachment":[{"href":"https:\/\/podernacional.com\/index.php?rest_route=%2Fwp%2Fv2%2Fmedia&parent=8817"}],"wp:term":[{"taxonomy":"category","embeddable":true,"href":"https:\/\/podernacional.com\/index.php?rest_route=%2Fwp%2Fv2%2Fcategories&post=8817"},{"taxonomy":"post_tag","embeddable":true,"href":"https:\/\/podernacional.com\/index.php?rest_route=%2Fwp%2Fv2%2Ftags&post=8817"}],"curies":[{"name":"wp","href":"https:\/\/api.w.org\/{rel}","templated":true}]}}