{"id":8823,"date":"2022-09-03T20:01:50","date_gmt":"2022-09-04T01:01:50","guid":{"rendered":"https:\/\/podernacional.com\/?p=8823"},"modified":"2022-09-04T01:01:52","modified_gmt":"2022-09-04T01:01:52","slug":"arranca-el-ciclo-cultural-taurino-de-zacatecas","status":"publish","type":"post","link":"https:\/\/podernacional.com\/?p=8823","title":{"rendered":"Arranca el Ciclo Cultural Taurino de Zacatecas"},"content":{"rendered":"<h4>La sala de exposiciones temporales del Museo El Universo de Pedro Coronel, ser\u00e1 la sede de la magna exposici\u00f3n titulada Tauromaquia.<\/h4>\n<p>Ciclo Cultural Taurino: Ademas que la poes\u00eda en movimiento, obra del genial artista mexicano Pancho Flores (Torre\u00f3n, 1919-Ciudad de M\u00e9xico, 1984).<\/p>\n<p>Con esto,\u00a0la que comenzar\u00e1 el Ciclo Cultural Taurino de la Feria Nacional de Zacatecas (Fenaza) 2022.<\/p>\n<p>El cual es organizado por la empresa Don Bull Productions, en colaboraci\u00f3n con el Instituto Zacatecano de Cultura (IZC) Ram\u00f3n L\u00f3pez Velarde.<\/p>\n<p>La cita es a partir de las 12 horas de este s\u00e1bado 3 de septiembre, con entrada gratuita.<\/p>\n<p>Esto con\u00a0un acto que ser\u00e1 presentado por Fernanda Haro.<\/p>\n<p>La cual es la\u00a0doctora en Estudios Novohispanos.<\/p>\n<p>Una vez hecho el corte del list\u00f3n, se dar\u00e1 lectura al Preg\u00f3n Taurino a cargo del reconocido periodista don Julio T\u00e9llez Garc\u00eda.<\/p>\n<h4>El cual,\u00a0durante varias d\u00e9cadas fue el titular del programa de televisi\u00f3n Toros y Toreros, del Canal 22 del Instituto Polit\u00e9cnico Nacional (IPN).<\/h4>\n<p>La exposici\u00f3n consta de 18 obras de distintos formatos, que reflejan el car\u00e1cter y la gran calidad pict\u00f3rica del pintor lagunero.<\/p>\n<p>Adem\u00e1s, su importancia reside en que hace unos 40 a\u00f1os que no se reun\u00eda una muestra individual de Pancho Flores de esta relevancia.<\/p>\n<p>Ademas que\u00a0pr\u00e1cticamente desde aquella que hubo en la Casa Domecq de Coyoac\u00e1n en los primeros a\u00f1os ochenta, todav\u00eda en vida del maestro.<\/p>\n<p>Estar\u00e1 a la vista del p\u00fablico durante los cinco eventos del Ciclo Cultural Taurino.<\/p>\n<p>Ademas que se realizar\u00e1n en la sala de exposiciones temporales.<\/p>\n<p>Con esto,\u00a0podr\u00e1 visitada por el p\u00fablico en general en los horarios habituales de funcionamiento del museo.<\/p>\n<p>El cual es\u00a0de martes a domingo, entre las 10 y las 17 horas, hasta el domingo 2 de octubre.<\/p>\n<p>El Museo El Universo de Pedro Coronel es uno de los m\u00e1s importantes de Zacatecas.<\/p>\n<p>Ya que alberga una importante colecci\u00f3n de la que tambi\u00e9n forma parte la Tauromaquia de Francisco de Goya.<\/p>\n<p>Se encuentra en la plaza de Santo Domingo, en lo que fue el antiguo edificio del Colegio Grande.<\/p>\n<p>Ademas que es fundado por los jesuitas en el siglo XVII.<\/p>\n<p>Esto, en el coraz\u00f3n del Centro Hist\u00f3rico de Zacatecas, declarado por la UNESCO como Patrimonio de la Humanidad desde 1993.<\/p>\n","protected":false},"excerpt":{"rendered":"<p>La sala de exposiciones temporales del Museo El Universo de Pedro Coronel, ser\u00e1 la sede de la magna exposici\u00f3n titulada Tauromaquia. Ciclo Cultural Taurino: Ademas que la poes\u00eda en movimiento, obra del genial artista mexicano Pancho Flores (Torre\u00f3n, 1919-Ciudad de M\u00e9xico, 1984). Con esto,\u00a0la que comenzar\u00e1 el Ciclo Cultural Taurino de la Feria Nacional de [&hellip;]<\/p>\n","protected":false},"author":1,"featured_media":8825,"comment_status":"open","ping_status":"closed","sticky":false,"template":"","format":"standard","meta":{"footnotes":""},"categories":[2,7],"tags":[],"class_list":["post-8823","post","type-post","status-publish","format-standard","has-post-thumbnail","hentry","category-cultural","category-nacional"],"_links":{"self":[{"href":"https:\/\/podernacional.com\/index.php?rest_route=\/wp\/v2\/posts\/8823","targetHints":{"allow":["GET"]}}],"collection":[{"href":"https:\/\/podernacional.com\/index.php?rest_route=\/wp\/v2\/posts"}],"about":[{"href":"https:\/\/podernacional.com\/index.php?rest_route=\/wp\/v2\/types\/post"}],"author":[{"embeddable":true,"href":"https:\/\/podernacional.com\/index.php?rest_route=\/wp\/v2\/users\/1"}],"replies":[{"embeddable":true,"href":"https:\/\/podernacional.com\/index.php?rest_route=%2Fwp%2Fv2%2Fcomments&post=8823"}],"version-history":[{"count":1,"href":"https:\/\/podernacional.com\/index.php?rest_route=\/wp\/v2\/posts\/8823\/revisions"}],"predecessor-version":[{"id":8824,"href":"https:\/\/podernacional.com\/index.php?rest_route=\/wp\/v2\/posts\/8823\/revisions\/8824"}],"wp:featuredmedia":[{"embeddable":true,"href":"https:\/\/podernacional.com\/index.php?rest_route=\/wp\/v2\/media\/8825"}],"wp:attachment":[{"href":"https:\/\/podernacional.com\/index.php?rest_route=%2Fwp%2Fv2%2Fmedia&parent=8823"}],"wp:term":[{"taxonomy":"category","embeddable":true,"href":"https:\/\/podernacional.com\/index.php?rest_route=%2Fwp%2Fv2%2Fcategories&post=8823"},{"taxonomy":"post_tag","embeddable":true,"href":"https:\/\/podernacional.com\/index.php?rest_route=%2Fwp%2Fv2%2Ftags&post=8823"}],"curies":[{"name":"wp","href":"https:\/\/api.w.org\/{rel}","templated":true}]}}