{"id":8826,"date":"2022-09-03T20:07:55","date_gmt":"2022-09-04T01:07:55","guid":{"rendered":"https:\/\/podernacional.com\/?p=8826"},"modified":"2022-09-04T01:07:56","modified_gmt":"2022-09-04T01:07:56","slug":"servidores-publicos-de-quintana-roo-visitaron-albergue-para-migrantes","status":"publish","type":"post","link":"https:\/\/podernacional.com\/?p=8826","title":{"rendered":"Servidores p\u00fablicos de Quintana Roo visitaron albergue para migrantes"},"content":{"rendered":"<h4>Se explic\u00f3 el funcionamiento del inmueble que atiene a personas en situaci\u00f3n de movilidad<\/h4>\n<p>Servidores p\u00fablicos: Funcionarias del estado de Quintana Roo y una diputada local visitaron el albergue municipal para migrantes \u2018Kiki\u2019 Romero.<\/p>\n<p>A\u00a0fin de conocer el espacio humanitario y la metodolog\u00eda de trabajo que se tiene.<\/p>\n<p>Ademas que\u00a0inform\u00f3 Santiago Gonz\u00e1lez Reyes, director de Derechos Humanos del Gobierno Municipal.<\/p>\n<p>\u201cEstas visitas se dieron esencialmente para conocer el modelo del albergue\u201d.<\/p>\n<p>\u201cPor ende, el cual est\u00e1 convertido en un referente de atenci\u00f3n integral para las personas en situaci\u00f3n de movilidad con una perspectiva de derechos humanos\u201d.<\/p>\n<p>\u201cYa que este espacio constantemente es mencionado por funcionarios de distintas instituciones y organismos\u201d, dijo el derechohumanista.<\/p>\n<h4>Se trata de la encargada de la Secretar\u00eda Ejecutiva del Sistema de Protecci\u00f3n Integral de Ni\u00f1as, Ni\u00f1os y Adolescentes del municipio de Solidaridad.<\/h4>\n<p>Ademas que en, Quintana Roo, Yamile Dom\u00ednguez \u00c1lvarez, as\u00ed como la diputada local Magdalena Renter\u00eda P\u00e9rez.<\/p>\n<p>En una primera vista, la diputada Renter\u00eda P\u00e9rez, quien forma parte de las comisiones de Asuntos Fronterizos.<\/p>\n<p>As\u00ed como de\u00a0Derechos Humanos en el Congreso del Estado de Chihuahua.<\/p>\n<p>Luego de realizar el recorrido por las instalaciones comparti\u00f3 puntos de vista, retos y oportunidades del fen\u00f3meno migratorio.<\/p>\n<p>Adem\u00e1s se dispuso a ayudar en diversos temas, propusieron los servidores p\u00fablicos<\/p>\n<p>\u201cPr\u00f3ximamente, tendremos una visita muy importante de legisladores locales y federales\u201d.<\/p>\n<p>\u201cQuienes acudir\u00e1n el pr\u00f3ximo 20 de septiembre a este albergue\u201d.<\/p>\n<p>\u201cAdemas que\u00a0para conocer el enfoque y la metodolog\u00eda implementada en este espacio\u201d, dijo el director.<\/p>\n<p>Por su parte, las funcionarias del municipio de Solidaridad, hicieron un recorrido por este espacio.<\/p>\n<p>Ademas que conocieron, de primera mano, los programas y servicios que se brindan a las personas en situaci\u00f3n de movilidad.<\/p>\n<p>Durante ambos recorridos se les mostr\u00f3 la biblioteca, el consultorio, unidad m\u00f3vil de sanitarios.<\/p>\n<p>Adem\u00e1s de presentarles los programas educativos, culturales, de salud, bolsa de empleo y metodolog\u00edas de trabajo.<\/p>\n<p>&nbsp;<\/p>\n<p>&nbsp;<\/p>\n","protected":false},"excerpt":{"rendered":"<p>Se explic\u00f3 el funcionamiento del inmueble que atiene a personas en situaci\u00f3n de movilidad Servidores p\u00fablicos: Funcionarias del estado de Quintana Roo y una diputada local visitaron el albergue municipal para migrantes \u2018Kiki\u2019 Romero. A\u00a0fin de conocer el espacio humanitario y la metodolog\u00eda de trabajo que se tiene. Ademas que\u00a0inform\u00f3 Santiago Gonz\u00e1lez Reyes, director de [&hellip;]<\/p>\n","protected":false},"author":1,"featured_media":8828,"comment_status":"open","ping_status":"closed","sticky":false,"template":"","format":"standard","meta":{"footnotes":""},"categories":[6,10],"tags":[],"class_list":["post-8826","post","type-post","status-publish","format-standard","has-post-thumbnail","hentry","category-local","category-quintana-roo"],"_links":{"self":[{"href":"https:\/\/podernacional.com\/index.php?rest_route=\/wp\/v2\/posts\/8826","targetHints":{"allow":["GET"]}}],"collection":[{"href":"https:\/\/podernacional.com\/index.php?rest_route=\/wp\/v2\/posts"}],"about":[{"href":"https:\/\/podernacional.com\/index.php?rest_route=\/wp\/v2\/types\/post"}],"author":[{"embeddable":true,"href":"https:\/\/podernacional.com\/index.php?rest_route=\/wp\/v2\/users\/1"}],"replies":[{"embeddable":true,"href":"https:\/\/podernacional.com\/index.php?rest_route=%2Fwp%2Fv2%2Fcomments&post=8826"}],"version-history":[{"count":1,"href":"https:\/\/podernacional.com\/index.php?rest_route=\/wp\/v2\/posts\/8826\/revisions"}],"predecessor-version":[{"id":8827,"href":"https:\/\/podernacional.com\/index.php?rest_route=\/wp\/v2\/posts\/8826\/revisions\/8827"}],"wp:featuredmedia":[{"embeddable":true,"href":"https:\/\/podernacional.com\/index.php?rest_route=\/wp\/v2\/media\/8828"}],"wp:attachment":[{"href":"https:\/\/podernacional.com\/index.php?rest_route=%2Fwp%2Fv2%2Fmedia&parent=8826"}],"wp:term":[{"taxonomy":"category","embeddable":true,"href":"https:\/\/podernacional.com\/index.php?rest_route=%2Fwp%2Fv2%2Fcategories&post=8826"},{"taxonomy":"post_tag","embeddable":true,"href":"https:\/\/podernacional.com\/index.php?rest_route=%2Fwp%2Fv2%2Ftags&post=8826"}],"curies":[{"name":"wp","href":"https:\/\/api.w.org\/{rel}","templated":true}]}}