{"id":8835,"date":"2022-09-05T17:17:08","date_gmt":"2022-09-05T22:17:08","guid":{"rendered":"https:\/\/podernacional.com\/?p=8835"},"modified":"2022-09-05T22:17:09","modified_gmt":"2022-09-05T22:17:09","slug":"vive-latino-2023-festival-revela-las-fechas-de-su-proxima-edicion","status":"publish","type":"post","link":"https:\/\/podernacional.com\/?p=8835","title":{"rendered":"Vive Latino 2023: Festival revela las fechas de su pr\u00f3xima edici\u00f3n"},"content":{"rendered":"<h4>Ya viene el Vive Latino: El festival anunci\u00f3 en redes sociales los d\u00edas en que se realizar\u00e1 la edici\u00f3n del pr\u00f3ximo a\u00f1o.<\/h4>\n<p>Vive Latino 2023: El festival Vive Latino se realiza en el Foro Sol.<\/p>\n<p>El Festival Iberoamericano de Cultura Musical, Vive Latino, revel\u00f3 oficialmente las fechas para su pr\u00f3xima edici\u00f3n.<\/p>\n<p>Ademas que\u00a0la cual se realizar\u00e1 los d\u00edas 18 y 19 de marzo del 2023 en el Foro Sol.<\/p>\n<p>A trav\u00e9s de redes sociales, el Vive Latino invit\u00f3 a sus seguidores a mencionar las bandas.<\/p>\n<p>As\u00ed como de\u00a0cantantes que les gustar\u00eda ver en la edici\u00f3n del pr\u00f3ximo a\u00f1o.<\/p>\n<h4>Al igual que no tardaron en sonar nombres deseados en su line up como Bad Bunny, Red Hot Chilli Peppers y Muse.<\/h4>\n<p>Por el momento no hay ning\u00fan artista confirmado, ya que el cartel completo y oficial ser\u00e1 dado a conocer en noviembre de este a\u00f1o.<\/p>\n<p>Apenas en marzo de este 2022 los fan\u00e1ticos de los conciertos disfrutaron del gran regreso de su vig\u00e9sima segunda edici\u00f3n.<\/p>\n<p>Esto\u00a0tras una larga pausa por la pandemia de COVID, con dos d\u00edas llenos de m\u00fasica, actividades y espect\u00e1culos como:<\/p>\n<p>La Casa Comedy, El Parque y la Lucha Libre AAA, asimismo, conciertos de Los Aut\u00e9nticos Decadentes, Maldita Vecindad, C.Tangana y m\u00e1s.<\/p>\n<p>Adem\u00e1s, este 5 de septiembre en YouTube, Vive Latino comparti\u00f3 un video con los mejores momentos de la edici\u00f3n anterior.<\/p>\n<p>Con esto,\u00a0Vive Latino en corto: Una mirada al coraz\u00f3n de #VL22.<\/p>\n<p>\u201c\u00a1As\u00ed es como lo vivimos, as\u00ed es como se hacen las cosas en el Vive Latino! Con este documental\u201d.<\/p>\n<p>\u201cAdemas que queremos que vean y sientan el coraz\u00f3n del festival, algo m\u00e1s&#8230;<\/p>\n<p>\u201c\u00a1Habemus fechas de #VL23! \u00a1Nos vemos pronto y sigan al pendiente de noticias!\u201d, se lee en la descripci\u00f3n.<\/p>\n<h4>El Vive Latino cumple 25 a\u00f1os<\/h4>\n<p>La edici\u00f3n del 2023 ser\u00e1 especial ya que se cumplir\u00e1n 25 a\u00f1os del primer Vive Latino, realizado en 1998 en la Ciudad de M\u00e9xico.<\/p>\n<p>En el cual se han presentado cantantes y agrupaciones de fama nacional e internacional.<\/p>\n<p>As\u00ed como artistas emergentes no solo de rock, sino de varios g\u00e9neros musicales.<\/p>\n<p>El Vive Latino traspas\u00f3 fronteras este a\u00f1o con su primera edici\u00f3n en Zaragoza, Espa\u00f1a.<\/p>\n<p>La cual congreg\u00f3 durante dos d\u00edas a aproximadamente 20 mil personas de varias nacionalidades que pudieron escuchar a artistas tan diversos como:<\/p>\n<p>Los argentinos Caligaris, la chilena Mon Laferte, los mexicanos Molotov y los espa\u00f1oles Vetusta Morla y Amaral.<\/p>\n","protected":false},"excerpt":{"rendered":"<p>Ya viene el Vive Latino: El festival anunci\u00f3 en redes sociales los d\u00edas en que se realizar\u00e1 la edici\u00f3n del pr\u00f3ximo a\u00f1o. Vive Latino 2023: El festival Vive Latino se realiza en el Foro Sol. El Festival Iberoamericano de Cultura Musical, Vive Latino, revel\u00f3 oficialmente las fechas para su pr\u00f3xima edici\u00f3n. Ademas que\u00a0la cual se [&hellip;]<\/p>\n","protected":false},"author":1,"featured_media":8837,"comment_status":"open","ping_status":"closed","sticky":false,"template":"","format":"standard","meta":{"footnotes":""},"categories":[2,5],"tags":[],"class_list":["post-8835","post","type-post","status-publish","format-standard","has-post-thumbnail","hentry","category-cultural","category-internacional"],"_links":{"self":[{"href":"https:\/\/podernacional.com\/index.php?rest_route=\/wp\/v2\/posts\/8835","targetHints":{"allow":["GET"]}}],"collection":[{"href":"https:\/\/podernacional.com\/index.php?rest_route=\/wp\/v2\/posts"}],"about":[{"href":"https:\/\/podernacional.com\/index.php?rest_route=\/wp\/v2\/types\/post"}],"author":[{"embeddable":true,"href":"https:\/\/podernacional.com\/index.php?rest_route=\/wp\/v2\/users\/1"}],"replies":[{"embeddable":true,"href":"https:\/\/podernacional.com\/index.php?rest_route=%2Fwp%2Fv2%2Fcomments&post=8835"}],"version-history":[{"count":1,"href":"https:\/\/podernacional.com\/index.php?rest_route=\/wp\/v2\/posts\/8835\/revisions"}],"predecessor-version":[{"id":8836,"href":"https:\/\/podernacional.com\/index.php?rest_route=\/wp\/v2\/posts\/8835\/revisions\/8836"}],"wp:featuredmedia":[{"embeddable":true,"href":"https:\/\/podernacional.com\/index.php?rest_route=\/wp\/v2\/media\/8837"}],"wp:attachment":[{"href":"https:\/\/podernacional.com\/index.php?rest_route=%2Fwp%2Fv2%2Fmedia&parent=8835"}],"wp:term":[{"taxonomy":"category","embeddable":true,"href":"https:\/\/podernacional.com\/index.php?rest_route=%2Fwp%2Fv2%2Fcategories&post=8835"},{"taxonomy":"post_tag","embeddable":true,"href":"https:\/\/podernacional.com\/index.php?rest_route=%2Fwp%2Fv2%2Ftags&post=8835"}],"curies":[{"name":"wp","href":"https:\/\/api.w.org\/{rel}","templated":true}]}}