{"id":8841,"date":"2022-09-05T17:29:49","date_gmt":"2022-09-05T22:29:49","guid":{"rendered":"https:\/\/podernacional.com\/?p=8841"},"modified":"2022-09-05T22:29:50","modified_gmt":"2022-09-05T22:29:50","slug":"casi-3-000-espectadores-disfrutan-de-los-seis-espectaculos-de-volatiritormes-en-santa-marta","status":"publish","type":"post","link":"https:\/\/podernacional.com\/?p=8841","title":{"rendered":"Casi 3.000 espectadores disfrutan de los seis espect\u00e1culos de &#8216;Volatiritormes&#8217; en Santa Marta"},"content":{"rendered":"<h4>Desde el Consistorio destacan el regreso de la carpa de La Fontana, que han calificado de \u00abacierto\u00bb<\/h4>\n<p>Volatiritormes: Santa Marta ha acogido la quinta edici\u00f3n de Volatiritormes, una cita cultural: \u00abha vuelto a ser un \u00e9xito de participaci\u00f3n con cerca de 3.000 espectadores.<\/p>\n<p>De los cuales\u00a0han pasado por los seis espect\u00e1culos programados para este a\u00f1o\u00bb, seg\u00fan los datos dados a conocer por los responsables municipales.<\/p>\n<p>As\u00ed, suponen una cifra \u00absimilar a la de la \u00faltima edici\u00f3n con la diferencia de que este a\u00f1o ha habido dos espect\u00e1culos menos\u201d.<\/p>\n<p>\u201cYa que se ha recuperado la carpa de la avenida de La Serna\u00bb.<\/p>\n<p>Tanto para las cinco actuaciones de la plaza de Espa\u00f1a ?con un aforo de 500 personas?<\/p>\n<p>Como para la actuaci\u00f3n de la carpa de La Fontana?<\/p>\n<p>Con capacidad para 199 personas? se han distribuido casi todas las entradas.<\/p>\n<p>Aunque \u00abse ha registrado una asistencia algo inferior sin apenas relevancia en las cifras generales\u00bb.<\/p>\n<p>\u00abTodos los ciudadanos han sido atendidos y han podido adquirir sus entradas y, al formalizar las solicitudes\u201d.<\/p>\n<h4>Ademas que hemos podido constatar que Volatiritormes se est\u00e1 convirtiendo en una cita consolidada y obligada en estas fechas.<\/h4>\n<p>\u201cYa que hemos tenido p\u00fablico de diferentes puntos de la geograf\u00eda espa\u00f1ola e incluso del extranjero\u00bb, ha explicado Francisco Miguel Garc\u00eda, concejal de Cultura.<\/p>\n<p>La quinta edici\u00f3n de Volatiritormes ha contado con la participaci\u00f3n de dos compa\u00f1\u00edas francesas de circo contempor\u00e1neo.<\/p>\n<p>As\u00ed como la compa\u00f1\u00eda italiana que ha actuado en la carpa de La Fontana.<\/p>\n<p>Adem\u00e1s, tambi\u00e9n han participado un grupo musical castellano y leon\u00e9s y dos compa\u00f1\u00edas teatrales, una tambi\u00e9n de la Comunidad y otra madrile\u00f1a.<\/p>\n<p>Uno de los regresos m\u00e1s esperados en esta Fiesta Internacional de Saltimbanquis, Volatineros y Genios sin Botella.<\/p>\n<p>Ademas que\u00a0ha sido el de la carpa instalada en la avenida de la Serna que, como ha asegurado Francisco Miguel Garc\u00eda:<\/p>\n<p>\u00abHa vuelto a ser un \u00e9xito absoluto y todo un acierto recuperarla\u201d.<\/p>\n<p>\u201cYa que la pandemia nos oblig\u00f3 a prescindir de esta parte tan importante y tan representativa de Volatiritomes\u00bb.<\/p>\n<p>En concreto se puede hablar de un 90% de asistencia en la mayor parte de los espect\u00e1culos.<\/p>\n<h4>Lo que vuelve a demostrar la buena acogida que tiene esta cita cultural en Santa Marta.<\/h4>\n<p>Por su parte el alcalde de Santa Marta, David Mingo, ha querido mostrar su agradecimiento a los colaboradores:<\/p>\n<p>\u00abAgradecer el apoyo de la Fundaci\u00f3n Siglo y de la Diputaci\u00f3n con los que esperamos seguir contando\u201d.<\/p>\n<p>\u201cTambi\u00e9n de los nuevos colaboradores que este a\u00f1o se han sumado a la propuesta:\u201d<\/p>\n<p>El Centro Comercial El Tormes, la inmobiliaria De Castro Gil y el Grupo CHR.<\/p>\n<p>\u201cAdem\u00e1s, nos han trasladado que est\u00e1n muy satisfechos con los resultados\u00bb.<\/p>\n<p>El regidor ha a\u00f1adido adem\u00e1s que<\/p>\n<p>\u00abDesde el Ayuntamiento seguiremos trabajando para mejorar una cita cultural que ya est\u00e1 consolidada\u201d.<\/p>\n<p>\u201cQue poco a poco se va haciendo un hueco en la programaci\u00f3n cultural de la provincia\u00bb.<\/p>\n","protected":false},"excerpt":{"rendered":"<p>Desde el Consistorio destacan el regreso de la carpa de La Fontana, que han calificado de \u00abacierto\u00bb Volatiritormes: Santa Marta ha acogido la quinta edici\u00f3n de Volatiritormes, una cita cultural: \u00abha vuelto a ser un \u00e9xito de participaci\u00f3n con cerca de 3.000 espectadores. De los cuales\u00a0han pasado por los seis espect\u00e1culos programados para este a\u00f1o\u00bb, [&hellip;]<\/p>\n","protected":false},"author":1,"featured_media":8843,"comment_status":"open","ping_status":"closed","sticky":false,"template":"","format":"standard","meta":{"footnotes":""},"categories":[4,5],"tags":[],"class_list":["post-8841","post","type-post","status-publish","format-standard","has-post-thumbnail","hentry","category-espectaculos","category-internacional"],"_links":{"self":[{"href":"https:\/\/podernacional.com\/index.php?rest_route=\/wp\/v2\/posts\/8841","targetHints":{"allow":["GET"]}}],"collection":[{"href":"https:\/\/podernacional.com\/index.php?rest_route=\/wp\/v2\/posts"}],"about":[{"href":"https:\/\/podernacional.com\/index.php?rest_route=\/wp\/v2\/types\/post"}],"author":[{"embeddable":true,"href":"https:\/\/podernacional.com\/index.php?rest_route=\/wp\/v2\/users\/1"}],"replies":[{"embeddable":true,"href":"https:\/\/podernacional.com\/index.php?rest_route=%2Fwp%2Fv2%2Fcomments&post=8841"}],"version-history":[{"count":1,"href":"https:\/\/podernacional.com\/index.php?rest_route=\/wp\/v2\/posts\/8841\/revisions"}],"predecessor-version":[{"id":8842,"href":"https:\/\/podernacional.com\/index.php?rest_route=\/wp\/v2\/posts\/8841\/revisions\/8842"}],"wp:featuredmedia":[{"embeddable":true,"href":"https:\/\/podernacional.com\/index.php?rest_route=\/wp\/v2\/media\/8843"}],"wp:attachment":[{"href":"https:\/\/podernacional.com\/index.php?rest_route=%2Fwp%2Fv2%2Fmedia&parent=8841"}],"wp:term":[{"taxonomy":"category","embeddable":true,"href":"https:\/\/podernacional.com\/index.php?rest_route=%2Fwp%2Fv2%2Fcategories&post=8841"},{"taxonomy":"post_tag","embeddable":true,"href":"https:\/\/podernacional.com\/index.php?rest_route=%2Fwp%2Fv2%2Ftags&post=8841"}],"curies":[{"name":"wp","href":"https:\/\/api.w.org\/{rel}","templated":true}]}}