{"id":8847,"date":"2022-09-05T19:30:45","date_gmt":"2022-09-06T00:30:45","guid":{"rendered":"https:\/\/podernacional.com\/?p=8847"},"modified":"2022-09-06T00:30:46","modified_gmt":"2022-09-06T00:30:46","slug":"patricio-alvarado-pasa-de-ronda-del-torneo-de-cancun","status":"publish","type":"post","link":"https:\/\/podernacional.com\/?p=8847","title":{"rendered":"Patricio Alvarado pasa de ronda del torneo de Canc\u00fan"},"content":{"rendered":"<h4>Ronda previa de calificaci\u00f3n del torneo de Canc\u00fan, M\u00e9xico<\/h4>\n<p>Patricio Alvarado: El ecuatoriano Patricio Alvarado cumpli\u00f3 los pron\u00f3sticos al ganar en la ronda previa de calificaci\u00f3n.<\/p>\n<p>Del torneo de Canc\u00fan por 6-3 y 6-4 a Rodrigo Reyna, tenista mexicano.<\/p>\n<p>Tras este resultado, el ganador estar\u00e1 en la siguiente ronda del torneo de Canc\u00fan.<\/p>\n<p>El torneo de Canc\u00fan (ITF Mexico F17) cuenta con una fase de acceso previa donde los tenistas con menor r\u00e1nking.<\/p>\n<p>Los cuales\u00a0tienen que obtener la m\u00e1xima puntuaci\u00f3n posible para poder participar en el torneo oficial.<\/p>\n<p>En concreto, en esta etapa de la competici\u00f3n se enfrentan un total de 52 jugadores.<\/p>\n<p>Asimismo, se lleva a cabo entre los d\u00edas 4 y 11 de septiembre sobre pista dura al aire libre.<\/p>\n<p>El tenis, un deporte muy querido por el p\u00fablico<\/p>\n<h4>El tenis es sin lugar a dudas un deporte cl\u00e1sico.<\/h4>\n<p>Cada a\u00f1o, cuatro torneos (los denominados &#8216;Grand Slams&#8217;) re\u00fanen toda la atenci\u00f3n mundial:<\/p>\n<p>La\u00a0temporada comienza con el Open de Australia.<\/p>\n<p>Los cuales son para seguir con la pista de arcilla de Roland Garros, viaja a Londres con la celebraci\u00f3n de Wimbledon.<\/p>\n<p>Ademas que\u00a0finalmente termina en USA con el US Open.<\/p>\n<p>En el resto del a\u00f1o, los jugadores tambi\u00e9n compiten por todo el mundo completando temporadas en las distintas superficies:<\/p>\n<p>Dura o pista r\u00e1pida, arcilla o hierba.<\/p>\n<p>El tenis naci\u00f3 en Europa a finales del siglo XVIII y desde 1926 es un deporte profesional tras la creaci\u00f3n del primer tour.<\/p>\n<p>Era especialmente popular entre las clases ricas de pa\u00edses angloparlantes, pero hoy en d\u00eda es un deporte global.<\/p>\n<p>Se divide en dos categor\u00edas: la competici\u00f3n masculina (ATP) y la femenina (WTA).<\/p>\n<h4>ATP<\/h4>\n<p>La ATP (Association of Tennis Professionals) es la asociaci\u00f3n de tenistas profesionales que re\u00fane a jugadores de todo el mundo en la categor\u00eda masculina.<\/p>\n<p>El tour de la ATP celebra varios torneos a lo largo del a\u00f1o:<\/p>\n<p>ATP Masters 1000 (si un jugador gana el torneo, conseguir\u00e1 1000 puntos para sumar al ranking ATP), ATP 500 y ATP 250.<\/p>\n<p>Por debajo de estos torneos, en un escal\u00f3n inferior se encuentra el ATP Challenger Tour, donde luchan las futuras estrellas del tenis mundial.<\/p>\n<p>Adem\u00e1s, la asociaci\u00f3n tambi\u00e9n se encarga de los Grand Slam.<\/p>\n","protected":false},"excerpt":{"rendered":"<p>Ronda previa de calificaci\u00f3n del torneo de Canc\u00fan, M\u00e9xico Patricio Alvarado: El ecuatoriano Patricio Alvarado cumpli\u00f3 los pron\u00f3sticos al ganar en la ronda previa de calificaci\u00f3n. Del torneo de Canc\u00fan por 6-3 y 6-4 a Rodrigo Reyna, tenista mexicano. Tras este resultado, el ganador estar\u00e1 en la siguiente ronda del torneo de Canc\u00fan. El torneo [&hellip;]<\/p>\n","protected":false},"author":1,"featured_media":8849,"comment_status":"open","ping_status":"closed","sticky":false,"template":"","format":"standard","meta":{"footnotes":""},"categories":[6,10],"tags":[],"class_list":["post-8847","post","type-post","status-publish","format-standard","has-post-thumbnail","hentry","category-local","category-quintana-roo"],"_links":{"self":[{"href":"https:\/\/podernacional.com\/index.php?rest_route=\/wp\/v2\/posts\/8847","targetHints":{"allow":["GET"]}}],"collection":[{"href":"https:\/\/podernacional.com\/index.php?rest_route=\/wp\/v2\/posts"}],"about":[{"href":"https:\/\/podernacional.com\/index.php?rest_route=\/wp\/v2\/types\/post"}],"author":[{"embeddable":true,"href":"https:\/\/podernacional.com\/index.php?rest_route=\/wp\/v2\/users\/1"}],"replies":[{"embeddable":true,"href":"https:\/\/podernacional.com\/index.php?rest_route=%2Fwp%2Fv2%2Fcomments&post=8847"}],"version-history":[{"count":1,"href":"https:\/\/podernacional.com\/index.php?rest_route=\/wp\/v2\/posts\/8847\/revisions"}],"predecessor-version":[{"id":8848,"href":"https:\/\/podernacional.com\/index.php?rest_route=\/wp\/v2\/posts\/8847\/revisions\/8848"}],"wp:featuredmedia":[{"embeddable":true,"href":"https:\/\/podernacional.com\/index.php?rest_route=\/wp\/v2\/media\/8849"}],"wp:attachment":[{"href":"https:\/\/podernacional.com\/index.php?rest_route=%2Fwp%2Fv2%2Fmedia&parent=8847"}],"wp:term":[{"taxonomy":"category","embeddable":true,"href":"https:\/\/podernacional.com\/index.php?rest_route=%2Fwp%2Fv2%2Fcategories&post=8847"},{"taxonomy":"post_tag","embeddable":true,"href":"https:\/\/podernacional.com\/index.php?rest_route=%2Fwp%2Fv2%2Ftags&post=8847"}],"curies":[{"name":"wp","href":"https:\/\/api.w.org\/{rel}","templated":true}]}}