{"id":8850,"date":"2022-09-05T19:35:36","date_gmt":"2022-09-06T00:35:36","guid":{"rendered":"https:\/\/podernacional.com\/?p=8850"},"modified":"2022-09-06T00:35:37","modified_gmt":"2022-09-06T00:35:37","slug":"en-gira-por-zacatecas-ken-salazar-se-reune-con-empresarios","status":"publish","type":"post","link":"https:\/\/podernacional.com\/?p=8850","title":{"rendered":"En gira por Zacatecas, Ken Salazar se re\u00fane con empresarios"},"content":{"rendered":"<h4>Ken Salazar junto a los empresarios zacatecanos.<\/h4>\n<p><a href=\"https:\/\/twitter.com\/USAmbMex\">Ken Salazar<\/a> se re\u00fane: El embajador de Estados Unidos en nuestro pa\u00eds, Ken Salazar, se reuni\u00f3 este domingo con el Cl\u00faster Minero de Zacatecas.<\/p>\n<p>De los cuales menciona\u00a0que agrupa a los empresarios del ramo en esa entidad.<\/p>\n<p>Durante el segundo d\u00eda de su gira por ese estado, el diplom\u00e1tico insisti\u00f3 en la necesidad de mejorar la seguridad p\u00fablica en Zacatecas.<\/p>\n<p>\u201cTuve una productiva reuni\u00f3n con el @ClusterMinOrg. Al sector privado le afecta la seguridad y quiere ser parte de la soluci\u00f3n\u201d.<\/p>\n<p>\u201cEs crucial la colaboraci\u00f3n entre el sector privado y el gobierno estatal para que la gente en:\u201d<\/p>\n<p>#Zacatecas viva segura y en paz #SeguridadCompartida\u201d, se\u00f1al\u00f3 Salazar en su cuenta de Twitter.<\/p>\n<p>El embajador tambi\u00e9n expres\u00f3 que visit\u00f3 el estado \u201cporque nos une el deseo de seguridad y prosperidad para el pueblo zacatecano\u201d.<\/p>\n<p>Esto luego de que el Departamento de Estado de su pa\u00eds agreg\u00f3 a Zacatecas en su lista de lugares en M\u00e9xico.<\/p>\n<p>De los cuales ademas recomienda a sus ciudadanos no visitar, por sus problemas de seguridad.<\/p>\n<p>\u201cDebido al aumento de la delincuencia, recientemente agregamos a Zacatecas a nuestra lista de \u00abno viajar\u00bb.<\/p>\n<p>Sin seguridad no puede haber prosperidad y el apoyo a la inversi\u00f3n se desvanece.<\/p>\n<p>Invertir en seguridad y justicia fomenta las inversiones y la creaci\u00f3n de empleos\u201d, asegur\u00f3 Salazar.<\/p>\n<p>Por ende, en gira por Zacatecas, Ken Salazar se re\u00fane con empresarios<\/p>\n","protected":false},"excerpt":{"rendered":"<p>Ken Salazar junto a los empresarios zacatecanos. Ken Salazar se re\u00fane: El embajador de Estados Unidos en nuestro pa\u00eds, Ken Salazar, se reuni\u00f3 este domingo con el Cl\u00faster Minero de Zacatecas. De los cuales menciona\u00a0que agrupa a los empresarios del ramo en esa entidad. Durante el segundo d\u00eda de su gira por ese estado, el [&hellip;]<\/p>\n","protected":false},"author":1,"featured_media":8852,"comment_status":"open","ping_status":"closed","sticky":false,"template":"","format":"standard","meta":{"footnotes":""},"categories":[7,9],"tags":[],"class_list":["post-8850","post","type-post","status-publish","format-standard","has-post-thumbnail","hentry","category-nacional","category-politica"],"_links":{"self":[{"href":"https:\/\/podernacional.com\/index.php?rest_route=\/wp\/v2\/posts\/8850","targetHints":{"allow":["GET"]}}],"collection":[{"href":"https:\/\/podernacional.com\/index.php?rest_route=\/wp\/v2\/posts"}],"about":[{"href":"https:\/\/podernacional.com\/index.php?rest_route=\/wp\/v2\/types\/post"}],"author":[{"embeddable":true,"href":"https:\/\/podernacional.com\/index.php?rest_route=\/wp\/v2\/users\/1"}],"replies":[{"embeddable":true,"href":"https:\/\/podernacional.com\/index.php?rest_route=%2Fwp%2Fv2%2Fcomments&post=8850"}],"version-history":[{"count":1,"href":"https:\/\/podernacional.com\/index.php?rest_route=\/wp\/v2\/posts\/8850\/revisions"}],"predecessor-version":[{"id":8851,"href":"https:\/\/podernacional.com\/index.php?rest_route=\/wp\/v2\/posts\/8850\/revisions\/8851"}],"wp:featuredmedia":[{"embeddable":true,"href":"https:\/\/podernacional.com\/index.php?rest_route=\/wp\/v2\/media\/8852"}],"wp:attachment":[{"href":"https:\/\/podernacional.com\/index.php?rest_route=%2Fwp%2Fv2%2Fmedia&parent=8850"}],"wp:term":[{"taxonomy":"category","embeddable":true,"href":"https:\/\/podernacional.com\/index.php?rest_route=%2Fwp%2Fv2%2Fcategories&post=8850"},{"taxonomy":"post_tag","embeddable":true,"href":"https:\/\/podernacional.com\/index.php?rest_route=%2Fwp%2Fv2%2Ftags&post=8850"}],"curies":[{"name":"wp","href":"https:\/\/api.w.org\/{rel}","templated":true}]}}