{"id":8856,"date":"2022-09-05T20:24:38","date_gmt":"2022-09-06T01:24:38","guid":{"rendered":"https:\/\/podernacional.com\/?p=8856"},"modified":"2022-09-06T01:24:40","modified_gmt":"2022-09-06T01:24:40","slug":"inicia-feria-nacional-de-zacatecas-2022","status":"publish","type":"post","link":"https:\/\/podernacional.com\/?p=8856","title":{"rendered":"Inicia Feria Nacional de Zacatecas 2022"},"content":{"rendered":"<h4>Con gran \u00e9xito inici\u00f3 la Feria Nacional de Zacatecas (Fenaza) 2022, al contar con la presencia de miles de zacatecanos.<\/h4>\n<p>Feria Nacional : As\u00ed como de visitantes que se dieron cita en los distintos foros como el Multiforo, la Gran Expo Agropecuaria.<\/p>\n<p>Ademas del Pabell\u00f3n Artesanal, los juegos y puestos, entre otros.<\/p>\n<p>Por la ma\u00f1ana, el Gobernador David Monreal \u00c1vila inaugur\u00f3 la edici\u00f3n 2022 de la Feria Nacional de Zacatecas (Fenaza).<\/p>\n<p>La cual es una\u00a0fiesta que se retoma despu\u00e9s de dos a\u00f1os y que hoy tiene el sentido de la reactivaci\u00f3n econ\u00f3mica.<\/p>\n<p>Ademas de\u00a0la recreaci\u00f3n de los zacatecanos, as\u00ed como de sus visitantes.<\/p>\n<p>Acompa\u00f1ado de su esposa, la Presidenta Honor\u00edfica del Sistema Estatal DIF, Sara Hern\u00e1ndez de Monreal, la reina de la Fenaza 2022.<\/p>\n<p>As\u00ed como\u00a0Miroslava y la princesa Diana, as\u00ed como alcaldes y funcionarios.<\/p>\n<h4>Ademas que el mandatario encabez\u00f3 el corte inaugural en la explanada del complejo ferial para despu\u00e9s realizar un recorrido por los stands.<\/h4>\n<p>Los cuales mencionan que ofrecen productos hechos en Zacatecas y maquinaria agr\u00edcola.<\/p>\n<p>Desde ah\u00ed, dijo que ser\u00e1 una feria virtuosa, segura, familiar y un espacio de diversi\u00f3n anhelado por los zacatecanos.<\/p>\n<p>Esto,\u00a0tras el confinamiento provocado por la pandemia del Covid-19.<\/p>\n<p>\u201cTendremos una fiesta que es una manifestaci\u00f3n de lo que es Zacatecas\u201d.<\/p>\n<p>Es decir, se mostrar\u00e1 la vocaci\u00f3n econ\u00f3mica, tur\u00edstica y del campo. Adem\u00e1s, manifest\u00f3 que se cuida la seguridad de los visitantes.<\/p>\n<p>M\u00e1s tarde, j\u00f3venes y adultos se concentraron en las inmediaciones de la Fenaza para ingresar a las instalaciones del Multiforo.<\/p>\n<p>Al igual que de\u00a0disfrutar del primer concierto de la temporada ferial a cargo del Pop Tour 2022.<\/p>\n<p>Kabah, JNS, Benny, Lynda, Cal\u00f3 y \u00c9rik Rub\u00edn fueron los artistas que hicieron vibrar al Multiforo.<\/p>\n<p>Con sus grandes \u00e9xitos de las d\u00e9cadas de los noventa y 2000.<\/p>\n<p>De\u00a0las cuales disfrutaron los asistentes, al retomarse este importante foro musical luego de dos a\u00f1os de no realizarse la m\u00e1xima fiesta de los zacatecanos.<\/p>\n","protected":false},"excerpt":{"rendered":"<p>Con gran \u00e9xito inici\u00f3 la Feria Nacional de Zacatecas (Fenaza) 2022, al contar con la presencia de miles de zacatecanos. Feria Nacional : As\u00ed como de visitantes que se dieron cita en los distintos foros como el Multiforo, la Gran Expo Agropecuaria. Ademas del Pabell\u00f3n Artesanal, los juegos y puestos, entre otros. Por la ma\u00f1ana, [&hellip;]<\/p>\n","protected":false},"author":1,"featured_media":8858,"comment_status":"open","ping_status":"closed","sticky":false,"template":"","format":"standard","meta":{"footnotes":""},"categories":[4,7],"tags":[],"class_list":["post-8856","post","type-post","status-publish","format-standard","has-post-thumbnail","hentry","category-espectaculos","category-nacional"],"_links":{"self":[{"href":"https:\/\/podernacional.com\/index.php?rest_route=\/wp\/v2\/posts\/8856","targetHints":{"allow":["GET"]}}],"collection":[{"href":"https:\/\/podernacional.com\/index.php?rest_route=\/wp\/v2\/posts"}],"about":[{"href":"https:\/\/podernacional.com\/index.php?rest_route=\/wp\/v2\/types\/post"}],"author":[{"embeddable":true,"href":"https:\/\/podernacional.com\/index.php?rest_route=\/wp\/v2\/users\/1"}],"replies":[{"embeddable":true,"href":"https:\/\/podernacional.com\/index.php?rest_route=%2Fwp%2Fv2%2Fcomments&post=8856"}],"version-history":[{"count":1,"href":"https:\/\/podernacional.com\/index.php?rest_route=\/wp\/v2\/posts\/8856\/revisions"}],"predecessor-version":[{"id":8857,"href":"https:\/\/podernacional.com\/index.php?rest_route=\/wp\/v2\/posts\/8856\/revisions\/8857"}],"wp:featuredmedia":[{"embeddable":true,"href":"https:\/\/podernacional.com\/index.php?rest_route=\/wp\/v2\/media\/8858"}],"wp:attachment":[{"href":"https:\/\/podernacional.com\/index.php?rest_route=%2Fwp%2Fv2%2Fmedia&parent=8856"}],"wp:term":[{"taxonomy":"category","embeddable":true,"href":"https:\/\/podernacional.com\/index.php?rest_route=%2Fwp%2Fv2%2Fcategories&post=8856"},{"taxonomy":"post_tag","embeddable":true,"href":"https:\/\/podernacional.com\/index.php?rest_route=%2Fwp%2Fv2%2Ftags&post=8856"}],"curies":[{"name":"wp","href":"https:\/\/api.w.org\/{rel}","templated":true}]}}