{"id":886,"date":"2020-08-08T20:58:31","date_gmt":"2020-08-08T20:58:31","guid":{"rendered":"http:\/\/whatsappcancun.com\/?p=886"},"modified":"2020-08-08T20:58:31","modified_gmt":"2020-08-08T20:58:31","slug":"la-pandemia-no-frena-al-lyon-en-la-champions","status":"publish","type":"post","link":"https:\/\/podernacional.com\/?p=886","title":{"rendered":"La pandemia no frena al Lyon en la Champions"},"content":{"rendered":"\n<ul class=\"wp-block-list\"><li>Pese a cancelarse la Ligue 1, el equipo de Rudi Garcia fue el primer equipo franc\u00e9s en eliminar a la Juve y ahora desaf\u00eda al City<\/li><li>Solidario en defensa y con Depay como figura, se resisti\u00f3 a Pep Guardiola en la fase de grupos del curso 2018-19 y gan\u00f3 en el Etihad<\/li><\/ul>\n\n\n\n<figure class=\"wp-block-image\"><img decoding=\"async\" src=\"https:\/\/www.mundodeportivo.com\/r\/GODO\/MD\/p7\/Futbol\/Imagenes\/2020\/08\/08\/Recortada\/7066d47dc6254aebbb9c8f5694e2291a-kw8-U482733030523O1-980x554@MundoDeportivo-Web.jpg\" alt=\"El meta Anthony Lopes se abraza al central Mar\u00e7al tras eliminar a la Juventus.\" title=\"El meta Anthony Lopes se abraza al central Mar\u00e7al tras eliminar a la Juventus.\"\/><figcaption>El meta Anthony Lopes se abraza al central Mar\u00e7al tras eliminar a la Juventus. (Antonio Calanni &#8211; Antonio Calanni \/ AP)<\/figcaption><\/figure>\n\n\n\n<p>La Ligue 1 ha sido la \u00fanica de las cinco grandes ligas europeas que qued\u00f3 cancelada y, por tanto, no lleg\u00f3 a su fin como consecuencia de la pandemia de coronavirus, pero este h\u00e1ndicap no ha impedido al f\u00fatbol franc\u00e9s tener a dos equipos en cuartos de final de la Champions League por cuarta vez en su historia tras las temporadas 2003-2004 (Lyon y M\u00f3naco), 2009-2010 (Burdeos y Lyon) y 2014-2015 (M\u00f3naco y PSG).<\/p>\n\n\n\n<p>El PSG se clasific\u00f3 en marzo, justo antes de suspenderse la competici\u00f3n, al eliminar en octavos al Borussia Dortmund y el Lyon logr\u00f3 el viernes la proeza de noquear a la Juventus y a Cristiano Ronaldo pese a haber jugado solo un partido oficial en casi cinco meses: la final de la Copa de la Liga que perdi\u00f3 por penaltis ante el PSG (0-0 y 6-5) el 31 de julio.TAMBI\u00c9N TE PUEDE INTERESAR<\/p>\n\n\n\n<ul class=\"wp-block-list\"><li><img decoding=\"async\" src=\"https:\/\/www.mundodeportivo.com\/r\/GODO\/MD\/p7\/Futbol\/Imagenes\/2020\/08\/08\/Recortada\/img_asanchezf_20200808-201400_imagenes_md_otras_fuentes_ee6ryoixyayrx8g-k5s-U482731310736unD-980x554@MundoDeportivo-Web.jpg\">SERIE A<a href=\"https:\/\/www.mundodeportivo.com\/futbol\/serie-a\/20200808\/482731310736\/pirlo-juventus-serie-a.html\">Oficial: La Juventus elige a Andrea Pirlo<\/a><\/li><li><img decoding=\"async\" src=\"https:\/\/www.mundodeportivo.com\/r\/GODO\/MD\/p7\/Futbol\/Imagenes\/2020\/08\/08\/Recortada\/1264545113_20200808190530-kuBB--980x554@MundoDeportivo-Web.jpg\">SERIE A<a href=\"https:\/\/www.mundodeportivo.com\/futbol\/serie-a\/20200808\/482731697304\/cristiano-juventus-balance.html\">Cristiano Ronaldo: \u00abEs tiempo de reflexionar\u00bb<\/a><\/li><li><img decoding=\"async\" src=\"https:\/\/www.mundodeportivo.com\/r\/GODO\/MD\/p7\/Futbol\/Imagenes\/2020\/08\/08\/Recortada\/20200807-637324404319824985_20200807234500-k1lG-U482714896145T8F-980x554@MundoDeportivo-Web.jpg\">SERIE A<a href=\"https:\/\/www.mundodeportivo.com\/futbol\/serie-a\/20200808\/482714896145\/cristiano-ronaldo-no-se-olvida-del-psg.html\">Cristiano Ronaldo no se olvida del PSG<\/a><\/li><\/ul>\n\n\n\n<p>El Lyon est\u00e1 en cuartos de la Champions por quinta vez en su historia, primera desde 2010, gracias al esp\u00edritu de grupo, solidaridad y competitividad que, junto a una \u00f3ptima preparaci\u00f3n f\u00edsica, ha inculcado a sus jugadores Rudi Garcia, El t\u00e9cnico ya puede alardear de dirigir al primer equipo franc\u00e9s que deja en la cuneta a la Juve en toda la historia tras 12 eliminatorias sin \u00e9xito.<\/p>\n\n\n\n<p>As\u00ed fue el partido entre la Juve y el Olympique:<\/p>\n\n\n\n<figure class=\"wp-block-image\"><img decoding=\"async\" src=\"https:\/\/cdn.jwplayer.com\/v2\/media\/2P0pPNS2\/poster.jpg?width=720\" alt=\"Champions League: Resumen y Goles del Juventus-Olympique Lyon\" title=\"Champions League: Resumen y Goles del Juventus-Olympique Lyon\"\/><\/figure>\n\n\n\n<p><a href=\"https:\/\/www.mundodeportivo.com\/videos\/champions-league\/20200807\/1242107442404512\/champions-league-resumen-y-goles-del-juventus-olympique-lyon.html\"><\/a><\/p>\n\n\n\n<h2 class=\"wp-block-heading\">Depay, seis goles en seis partidos<\/h2>\n\n\n\n<p>Memphis Depay, en su segundo partido desde la grave lesi\u00f3n de rodilla que sufri\u00f3 en diciembre, puso la remontada ya muy cuesta arriba para la Juve al abrir el marcador al transformar a lo Panenka un pol\u00e9mico penalti de Rodrigo Bentancur a Houssem Aouar. El holand\u00e9s, la gran figura del Lyon, ha marcado en los 6 partidos que ha disputado en esta Champions y su gol, junto a la soberbia actuaci\u00f3n del meta Anthony Lopes, fue decisivo pese a la derrota (2-1).<\/p>\n\n\n\n<h2 class=\"wp-block-heading\">Tousart, que marc\u00f3 en la ida, recordado tras su marcha<\/h2>\n\n\n\n<p>Tambi\u00e9n lo fue el que marc\u00f3 Lucas Tousart en el partido de ida en febrero (1-0) antes de incorporarse en julio al Hertha de Berl\u00edn, que le ten\u00eda cedido. \u201cEsta clasificaci\u00f3n tambi\u00e9n es suya\u201d, record\u00f3 un agradecido Rudi Garcia. El propio Tousart felicit\u00f3 a los ex compa\u00f1eros por Twitter tras seguir el partido en un avi\u00f3n.<\/p>\n\n\n\n<h2 class=\"wp-block-heading\">Caqueret, la revelaci\u00f3n<\/h2>\n\n\n\n<p>Precisamente su sustituto en el centro del campo, Maxence Caqueret, protagoniz\u00f3 un gran debut en la Champions con solo 20 a\u00f1os. Surgido de la cantera, exhibi\u00f3 en su debut en la Champions, como ante el PSG, calidad t\u00e9cnica y despliegue f\u00edsico.<\/p>\n\n\n\n<h2 class=\"wp-block-heading\">Y, el s\u00e1bado, el City en Lisboa<\/h2>\n\n\n\n<p>Ya en la final a 8 de Lisboa, el Manchester City, verdugo del Real Madrid, ser\u00e1 el s\u00e1bado en el estadio Alvalade un rival tanto o m\u00e1s temible que la Juve para el Lyon, pero Pep Guardiola seguro que recordar\u00e1 que en los dos \u00fanicos procedentes no pudo ganar al equipo entonces dirigido por Bruno Genesio en la fase de grupos de la temporada 2018-2019: 1-2 en el Etihad y 2-2 en Francia. Tres de los goles fueron obra de Maxwel Cornet. Repetir haza\u00f1a ahora pasa por mejorar la escasa producci\u00f3n ofensiva exhibida por el Lyon en Tur\u00edn.<\/p>\n","protected":false},"excerpt":{"rendered":"<p>Pese a cancelarse la Ligue 1, el equipo de Rudi Garcia fue el primer equipo franc\u00e9s en eliminar a la Juve y ahora desaf\u00eda al City Solidario en defensa y con Depay como figura, se resisti\u00f3 a Pep Guardiola en la fase de grupos del curso 2018-19 y gan\u00f3 en el Etihad La Ligue 1 [&hellip;]<\/p>\n","protected":false},"author":1,"featured_media":887,"comment_status":"open","ping_status":"open","sticky":false,"template":"","format":"standard","meta":{"footnotes":""},"categories":[3],"tags":[],"class_list":["post-886","post","type-post","status-publish","format-standard","has-post-thumbnail","hentry","category-deportes"],"_links":{"self":[{"href":"https:\/\/podernacional.com\/index.php?rest_route=\/wp\/v2\/posts\/886","targetHints":{"allow":["GET"]}}],"collection":[{"href":"https:\/\/podernacional.com\/index.php?rest_route=\/wp\/v2\/posts"}],"about":[{"href":"https:\/\/podernacional.com\/index.php?rest_route=\/wp\/v2\/types\/post"}],"author":[{"embeddable":true,"href":"https:\/\/podernacional.com\/index.php?rest_route=\/wp\/v2\/users\/1"}],"replies":[{"embeddable":true,"href":"https:\/\/podernacional.com\/index.php?rest_route=%2Fwp%2Fv2%2Fcomments&post=886"}],"version-history":[{"count":0,"href":"https:\/\/podernacional.com\/index.php?rest_route=\/wp\/v2\/posts\/886\/revisions"}],"wp:featuredmedia":[{"embeddable":true,"href":"https:\/\/podernacional.com\/index.php?rest_route=\/wp\/v2\/media\/887"}],"wp:attachment":[{"href":"https:\/\/podernacional.com\/index.php?rest_route=%2Fwp%2Fv2%2Fmedia&parent=886"}],"wp:term":[{"taxonomy":"category","embeddable":true,"href":"https:\/\/podernacional.com\/index.php?rest_route=%2Fwp%2Fv2%2Fcategories&post=886"},{"taxonomy":"post_tag","embeddable":true,"href":"https:\/\/podernacional.com\/index.php?rest_route=%2Fwp%2Fv2%2Ftags&post=886"}],"curies":[{"name":"wp","href":"https:\/\/api.w.org\/{rel}","templated":true}]}}