{"id":8862,"date":"2022-09-05T20:33:45","date_gmt":"2022-09-06T01:33:45","guid":{"rendered":"https:\/\/podernacional.com\/?p=8862"},"modified":"2022-09-06T01:33:46","modified_gmt":"2022-09-06T01:33:46","slug":"abre-trabajo-social-expediente-digital-de-salud-de-migrantes","status":"publish","type":"post","link":"https:\/\/podernacional.com\/?p=8862","title":{"rendered":"Abre Trabajo Social expediente digital de salud de migrantes"},"content":{"rendered":"<h4>Una herramienta tecnol\u00f3gica que permite proporcionar atenci\u00f3n m\u00e9dica y asistencia primaria de la salud a las personas en movilidad.<\/h4>\n<p>Trabajo Social: Con el finalidad de que los migrantes tengan un registro m\u00e9dico en su paso por M\u00e9xico.<\/p>\n<p>Por ende, la Universidad Aut\u00f3noma de Nuevo Le\u00f3n lanz\u00f3 el Expediente Digital de Salud Migrante.<\/p>\n<p>Un proyecto de la Facultad de Trabajo Social y Desarrollo Humano (FTSyDH) de la UANL que surgi\u00f3 a partir de la investigaci\u00f3n:<\/p>\n<p>\u201cDerecho y acceso a la salud de los migrantes:\u201d<\/p>\n<p>Ademas de trayectorias de atenci\u00f3n a la salud de personas en movilidad por ciudades del noreste de M\u00e9xico y regi\u00f3n del Valle de Texas\u201d.<\/p>\n<p>El Expediente Digital de Salud Migrante es una herramienta tecnol\u00f3gica dise\u00f1ada para proporcionar atenci\u00f3n m\u00e9dica y asistencia primaria de la salud.<\/p>\n<p>As\u00ed como atenci\u00f3n a la salud psicosocial de las personas migrantes en su tr\u00e1nsito por la regi\u00f3n noreste de M\u00e9xico y del Valle de Texas.<\/p>\n<h4>\u201cEsta plataforma digital va a permitir que la persona pr\u00e1cticamente \u2018migre\u2019 con su expediente para el acceso a su informaci\u00f3n m\u00e9dica\u201d.<\/h4>\n<p>\u201cAdemas\u00a0que pueda compartirla con otros m\u00e9dicos de otras regiones del noreste del pa\u00eds\u201d.<\/p>\n<p>\u201cDe momento solo contemplamos esta zona del pa\u00eds, pero la intenci\u00f3n es que este modelo sirva de ejemplo en otros estados de M\u00e9xico\u201d.<\/p>\n<p>Ademas que\u00a0detall\u00f3 la tambi\u00e9n profesora de la Facultad de Trabajo Social y Desarrollo Humano de la UANL.<\/p>\n<p>M\u00e1s de 14 instituciones nacionales e internacionales participan en este proyecto.<\/p>\n<p>Con esto, destacando la Secretar\u00eda de Igualdad e Inclusi\u00f3n de Nuevo Le\u00f3n, el Instituto Tamaulipeco para los Migrantes.<\/p>\n<p>As\u00ed como de la\u00a0Casa Monarca Ayuda Humanitaria al Migrante, Casa del Migrante Saltillo, Casa San Nicol\u00e1s, Casa INDI Hogar, C\u00e1ritas de Monterrey.<\/p>\n<p>Ademas que\u00a0la Universidad de Monterrey, The University of Texas Rio Grande Valley, la Universidad Aut\u00f3noma de Coahuila.<\/p>\n<p>Finalmente\u00a0la Universidad Regiomontana, la Universidad Aut\u00f3noma de Tamaulipas y la American Red Cross, entre otras.<\/p>\n<p>De acuerdo con la Universidad Aut\u00f3noma de Nuevo Le\u00f3n, la capacitaci\u00f3n a estas instituciones y organizaciones civiles.<\/p>\n<p>Ademas\u00a0que utilizar\u00e1n el expediente ya comenz\u00f3 con integrantes de las casas migrantes, m\u00e9dicos y trabajadores sociales.<\/p>\n","protected":false},"excerpt":{"rendered":"<p>Una herramienta tecnol\u00f3gica que permite proporcionar atenci\u00f3n m\u00e9dica y asistencia primaria de la salud a las personas en movilidad. Trabajo Social: Con el finalidad de que los migrantes tengan un registro m\u00e9dico en su paso por M\u00e9xico. Por ende, la Universidad Aut\u00f3noma de Nuevo Le\u00f3n lanz\u00f3 el Expediente Digital de Salud Migrante. Un proyecto de [&hellip;]<\/p>\n","protected":false},"author":1,"featured_media":8864,"comment_status":"open","ping_status":"closed","sticky":false,"template":"","format":"standard","meta":{"footnotes":""},"categories":[5,11],"tags":[],"class_list":["post-8862","post","type-post","status-publish","format-standard","has-post-thumbnail","hentry","category-internacional","category-salud"],"_links":{"self":[{"href":"https:\/\/podernacional.com\/index.php?rest_route=\/wp\/v2\/posts\/8862","targetHints":{"allow":["GET"]}}],"collection":[{"href":"https:\/\/podernacional.com\/index.php?rest_route=\/wp\/v2\/posts"}],"about":[{"href":"https:\/\/podernacional.com\/index.php?rest_route=\/wp\/v2\/types\/post"}],"author":[{"embeddable":true,"href":"https:\/\/podernacional.com\/index.php?rest_route=\/wp\/v2\/users\/1"}],"replies":[{"embeddable":true,"href":"https:\/\/podernacional.com\/index.php?rest_route=%2Fwp%2Fv2%2Fcomments&post=8862"}],"version-history":[{"count":1,"href":"https:\/\/podernacional.com\/index.php?rest_route=\/wp\/v2\/posts\/8862\/revisions"}],"predecessor-version":[{"id":8863,"href":"https:\/\/podernacional.com\/index.php?rest_route=\/wp\/v2\/posts\/8862\/revisions\/8863"}],"wp:featuredmedia":[{"embeddable":true,"href":"https:\/\/podernacional.com\/index.php?rest_route=\/wp\/v2\/media\/8864"}],"wp:attachment":[{"href":"https:\/\/podernacional.com\/index.php?rest_route=%2Fwp%2Fv2%2Fmedia&parent=8862"}],"wp:term":[{"taxonomy":"category","embeddable":true,"href":"https:\/\/podernacional.com\/index.php?rest_route=%2Fwp%2Fv2%2Fcategories&post=8862"},{"taxonomy":"post_tag","embeddable":true,"href":"https:\/\/podernacional.com\/index.php?rest_route=%2Fwp%2Fv2%2Ftags&post=8862"}],"curies":[{"name":"wp","href":"https:\/\/api.w.org\/{rel}","templated":true}]}}