{"id":8868,"date":"2022-09-06T17:22:15","date_gmt":"2022-09-06T22:22:15","guid":{"rendered":"https:\/\/podernacional.com\/?p=8868"},"modified":"2022-09-06T22:22:17","modified_gmt":"2022-09-06T22:22:17","slug":"prohiben-festival-de-musica-electronica-en-uganda-por-promover-la-inmoralidad","status":"publish","type":"post","link":"https:\/\/podernacional.com\/?p=8868","title":{"rendered":"Proh\u00edben festival de m\u00fasica electr\u00f3nica en Uganda por \u201cpromover la inmoralidad\u201d"},"content":{"rendered":"<h4>El Parlamento de Uganda tom\u00f3 la decisi\u00f3n a pocos d\u00edas de que se iniciara la fiesta, a la que llegar\u00edan miles de turistas.<\/h4>\n<p>Uganda:\u201cNo queremos inmoralidad en nuestro pa\u00eds\u201d, dijo una ministra.<\/p>\n<p>El festival de m\u00fasica electr\u00f3nica Nyege Nyege, uno de los m\u00e1s importantes de \u00c1frica del Este.<\/p>\n<p>Dicho festival fue prohibido este martes (06.09.2022) por el Parlamento ugand\u00e9s.<\/p>\n<h4>\u00bfLa raz\u00f3n? \u00abPromover la inmoralidad\u201d.<\/h4>\n<p>Se trataba del regreso de la fiesta, suspendida en dos ocasiones debido a la pandemia del coronavirus.<\/p>\n<p>El festival, que recibi\u00f3 en sus anteriores ediciones a miles de personas, entre ellas turistas extranjeros.<\/p>\n<p>Ademas que deb\u00eda celebrarse durante 4 d\u00edas a partir del 15 de septiembre en la ciudad de Jinja (sureste).<\/p>\n<p>Pero a poco m\u00e1s de una semana de su inicio, el Parlamento anunci\u00f3 a trav\u00e9s de Twitter su decisi\u00f3n.<\/p>\n<p>El festival \u00abpromueve la inmoralidad y no queremos esa inmoralidad en nuestro pa\u00eds\u00bb.<\/p>\n<p>Por ende se declar\u00f3 a la prensa Rose Lilly Akello, ministra de \u00c9tica e Integridad.<\/p>\n<p>Por su parte, la portavoz del Parlamento, Anita Among, explic\u00f3 que \u00abno habr\u00e1 ning\u00fan show, est\u00e1n vendiendo entradas a expensas de los ni\u00f1os ugandeses.<\/p>\n<p>No vamos a permitir eso, estamos hablando de la moralidad, de nuestros hijos. Quieren generar turismo a costas de los ni\u00f1os\u00bb.<\/p>\n<p>Otra opini\u00f3n tiene el titular de Turismo, Martin Mugarura, quien critic\u00f3 la decisi\u00f3n y enfatiz\u00f3 que esto tendr\u00e1 un impacto negativo en la econom\u00eda.<\/p>\n<h4>Ademas\u00a0que ha tenido serias dificultades para reponerse tras la pandemia.<\/h4>\n<p>\u00abM\u00e1s de 8.000 turistas extranjeros ya compraron sus billetes y deb\u00edan permanecer en el pa\u00eds durante el festival, e incluso despu\u00e9s\u00bb, declar\u00f3.<\/p>\n<p>Mugarura a\u00f1adi\u00f3 que espera que las autoridades revisen la decisi\u00f3n.<\/p>\n<p>\u00abYo vengo de Busoga y he visto que este festival es totalmente inmoral.<\/p>\n<p>No podemos sacrificar la moral de los ugandeses con la excusa de que se han vendido entradas.<\/p>\n<p>Si el ministro lo quiere, que lo haga en su distrito\u00bb, le contest\u00f3 el parlamentario por Bugabula Maurice Kibalya.<\/p>\n<p>El festival ya hab\u00eda sido prohibido en 2018 por el exministro de \u00c9tica, Simon Lokodo, un ferviente cat\u00f3lico y hom\u00f3fobo notorio.<\/p>\n<p>\u00abNo aceptaremos perder nuestra moral, la homosexualidad no ser\u00e1 aceptada\u00bb, declar\u00f3.<\/p>\n<p>Ademas que\u00a0sostuvo que el festival -al que calific\u00f3 como una org\u00eda de nudismo, sexo y drogas-<\/p>\n<h4>\u00abEst\u00e1 cercano a la veneraci\u00f3n del diablo y por lo tanto es inaceptable\u00bb.<\/h4>\n<p>La expresi\u00f3n \u00abNyege Nyege\u00bb significa un irresistible deseo de bailar en lengua luganda.<\/p>\n<p>Pero puede tambi\u00e9n tener connotaciones sexuales en otros dialectos de la regi\u00f3n.<\/p>\n<p>La homofobia est\u00e1 muy difundida en Uganda, donde las relaciones entre personas del mismo sexo pueden llevar al acusado a la c\u00e1rcel de por vida.<\/p>\n<p>En diciembre de 2013 se promulg\u00f3 un cuerpo legal que obliga a las personas a denunciar a los homosexuales.<\/p>\n<p>Ademas que condena la \u00abpromoci\u00f3n de la homosexualidad\u201d.<\/p>\n","protected":false},"excerpt":{"rendered":"<p>El Parlamento de Uganda tom\u00f3 la decisi\u00f3n a pocos d\u00edas de que se iniciara la fiesta, a la que llegar\u00edan miles de turistas. Uganda:\u201cNo queremos inmoralidad en nuestro pa\u00eds\u201d, dijo una ministra. El festival de m\u00fasica electr\u00f3nica Nyege Nyege, uno de los m\u00e1s importantes de \u00c1frica del Este. Dicho festival fue prohibido este martes (06.09.2022) [&hellip;]<\/p>\n","protected":false},"author":1,"featured_media":8870,"comment_status":"open","ping_status":"closed","sticky":false,"template":"","format":"standard","meta":{"footnotes":""},"categories":[2,5],"tags":[],"class_list":["post-8868","post","type-post","status-publish","format-standard","has-post-thumbnail","hentry","category-cultural","category-internacional"],"_links":{"self":[{"href":"https:\/\/podernacional.com\/index.php?rest_route=\/wp\/v2\/posts\/8868","targetHints":{"allow":["GET"]}}],"collection":[{"href":"https:\/\/podernacional.com\/index.php?rest_route=\/wp\/v2\/posts"}],"about":[{"href":"https:\/\/podernacional.com\/index.php?rest_route=\/wp\/v2\/types\/post"}],"author":[{"embeddable":true,"href":"https:\/\/podernacional.com\/index.php?rest_route=\/wp\/v2\/users\/1"}],"replies":[{"embeddable":true,"href":"https:\/\/podernacional.com\/index.php?rest_route=%2Fwp%2Fv2%2Fcomments&post=8868"}],"version-history":[{"count":1,"href":"https:\/\/podernacional.com\/index.php?rest_route=\/wp\/v2\/posts\/8868\/revisions"}],"predecessor-version":[{"id":8869,"href":"https:\/\/podernacional.com\/index.php?rest_route=\/wp\/v2\/posts\/8868\/revisions\/8869"}],"wp:featuredmedia":[{"embeddable":true,"href":"https:\/\/podernacional.com\/index.php?rest_route=\/wp\/v2\/media\/8870"}],"wp:attachment":[{"href":"https:\/\/podernacional.com\/index.php?rest_route=%2Fwp%2Fv2%2Fmedia&parent=8868"}],"wp:term":[{"taxonomy":"category","embeddable":true,"href":"https:\/\/podernacional.com\/index.php?rest_route=%2Fwp%2Fv2%2Fcategories&post=8868"},{"taxonomy":"post_tag","embeddable":true,"href":"https:\/\/podernacional.com\/index.php?rest_route=%2Fwp%2Fv2%2Ftags&post=8868"}],"curies":[{"name":"wp","href":"https:\/\/api.w.org\/{rel}","templated":true}]}}