{"id":8871,"date":"2022-09-06T20:07:20","date_gmt":"2022-09-07T01:07:20","guid":{"rendered":"https:\/\/podernacional.com\/?p=8871"},"modified":"2022-09-07T01:07:22","modified_gmt":"2022-09-07T01:07:22","slug":"los-deportes-de-combate-me-han-dado-los-mejores-momentos-de-mi-carrera","status":"publish","type":"post","link":"https:\/\/podernacional.com\/?p=8871","title":{"rendered":"\u201cLos deportes de combate me han dado los mejores momentos de mi carrera\u201d"},"content":{"rendered":"<h4>Evyan Guerra habl\u00f3 de su trayectoria y sus experiencias en la narraci\u00f3n deportiva&#8230;<\/h4>\n<p>Deportes de combate : \u201cLos deportes de combate me han dado los mejores momentos de mi carrera\u201d<\/p>\n<p>Evyan Guerra, narrador-comentarista deportivo.<\/p>\n<p>Como muchos de los profesionales de la narraci\u00f3n deportiva, Evyan Guerra tampoco imagin\u00f3 que podr\u00eda dedicarse profesionalmente a ello.<\/p>\n<p>Disfrutaba describir los deportes como un juego, y sigui\u00f3 su instinto.<\/p>\n<p>Ademas que ese que le ha llevado a decir que s\u00ed casi siempre, aceptar el reto y asumir responsabilidades.<\/p>\n<p>&#8211; Nunca pens\u00e9 en dedicarme a esto, realmente solo era un seguidor del deporte.<\/p>\n<p>Hoy muchos muchachos j\u00f3venes se acercan y me preguntan c\u00f3mo se llegar a ser narrador y yo les digo<\/p>\n<p>\u2013Sigue tu camino y trata de prepararte bien-.<\/p>\n<p>porque esta no es una especialidad para la que se pueda estudiar espec\u00edficamente.<\/p>\n<p>Primero hay que pensar en una carrera, que, si es Periodismo.<\/p>\n<p>Comunicaci\u00f3n Social o Cultura F\u00edsica, creo que es mejor pero no hay l\u00edmites y yo soy un ejemplo.<\/p>\n<p>Estudi\u00e9 el\u00e9ctrica, que no tiene nada que ver.<\/p>\n<h4>Hice el t\u00e9cnico medio y luego la licenciatura; un camino muy largo, pero siempre con el bichito de la pasi\u00f3n por el deporte.<\/h4>\n<p>Yo era como el animador de las fiestas. Cuando hab\u00eda juegos interfacultades yo era el narrador.<\/p>\n<p>En las escuelas al campo, recuerdo, estaban los play off, y en el medio del surco me dec\u00edan \u2013t\u00fa no trabajes, tu narras-.<\/p>\n<p>Ademas que hac\u00edan mi trabajo para que yo narrara.<\/p>\n<p>Muchos me dec\u00edan que me presentara a alguna convocatoria hasta que un d\u00eda decid\u00ed hacerlo.<\/p>\n<p>Con esto se aceptaron y ah\u00ed inici\u00f3 un largo y bonito camino por el mundo de los deportes.<\/p>\n<p>&#8211; La primera gran experiencia<\/p>\n<p>&#8211; Me propusieron hacer un Noticiero Deportivo, y tengo que reconocer que tuve mucho apoyo.<\/p>\n<p>H\u00e9ctor Rodr\u00edguez fue fundamental luego de aquella presentaci\u00f3n pues el hecho de que \u00e9l me dijera que le hab\u00eda parecido bien con esa voz caracter\u00edstica.<\/p>\n<p>Fue algo que me marc\u00f3<\/p>\n<p>Y jam\u00e1s olvidar\u00e9 el primer Noticiero Deportivo que compart\u00ed con \u00e9l.<\/p>\n<p>Ademas que cuando dijo \u201cun saludo tengan todos\u201d yo pensaba que la tierra me iba a tragar. H\u00e9ctor es un narrador que admir\u00e9 toda la vida.<\/p>\n<p>&#8211; Claves de tu \u00e9xito<\/p>\n<p>&#8211; No ponerme l\u00edmites, cada vez que se me ha dado una oportunidad siempre he accedido.<\/p>\n<h4>Es que si uno se pone a esperar el momento en el que se sienta preparado y tengas la experiencia para asumirlo.<\/h4>\n<p>Probablemente no llegue nunca.<\/p>\n<p>&#8211; \u00bfQu\u00e9 sensaciones produce ponerle voz a las acciones de nuestro deporte nacional?<\/p>\n<p>&#8211; Yo estoy muy contento con narrar las Series Nacionales porque el narrador de b\u00e9isbol se hace habitual en las casas.<\/p>\n<p>Entiendo que cuando te cambian una voz siempre choca, m\u00ed me pas\u00f3 cuando era espectador.<\/p>\n<p>Entonces cuando a m\u00ed me dijeron \u2013vas a sustituir a Modesto- me choc\u00f3 porque era un narrador de muchos a\u00f1os.<\/p>\n<p>Sin embargo, tengo que agradecer a las personas que me apoyaron, pues mucha gente se tomaba el tiempo para escribirme y brindarme su apoyo.<\/p>\n<p>Ademas que\u00a0hoy en d\u00eda estoy muy satisfecho con esa retroalimentaci\u00f3n.<\/p>\n","protected":false},"excerpt":{"rendered":"<p>Evyan Guerra habl\u00f3 de su trayectoria y sus experiencias en la narraci\u00f3n deportiva&#8230; Deportes de combate : \u201cLos deportes de combate me han dado los mejores momentos de mi carrera\u201d Evyan Guerra, narrador-comentarista deportivo. Como muchos de los profesionales de la narraci\u00f3n deportiva, Evyan Guerra tampoco imagin\u00f3 que podr\u00eda dedicarse profesionalmente a ello. Disfrutaba describir [&hellip;]<\/p>\n","protected":false},"author":1,"featured_media":8873,"comment_status":"open","ping_status":"closed","sticky":false,"template":"","format":"standard","meta":{"footnotes":""},"categories":[3,4],"tags":[],"class_list":["post-8871","post","type-post","status-publish","format-standard","has-post-thumbnail","hentry","category-deportes","category-espectaculos"],"_links":{"self":[{"href":"https:\/\/podernacional.com\/index.php?rest_route=\/wp\/v2\/posts\/8871","targetHints":{"allow":["GET"]}}],"collection":[{"href":"https:\/\/podernacional.com\/index.php?rest_route=\/wp\/v2\/posts"}],"about":[{"href":"https:\/\/podernacional.com\/index.php?rest_route=\/wp\/v2\/types\/post"}],"author":[{"embeddable":true,"href":"https:\/\/podernacional.com\/index.php?rest_route=\/wp\/v2\/users\/1"}],"replies":[{"embeddable":true,"href":"https:\/\/podernacional.com\/index.php?rest_route=%2Fwp%2Fv2%2Fcomments&post=8871"}],"version-history":[{"count":1,"href":"https:\/\/podernacional.com\/index.php?rest_route=\/wp\/v2\/posts\/8871\/revisions"}],"predecessor-version":[{"id":8872,"href":"https:\/\/podernacional.com\/index.php?rest_route=\/wp\/v2\/posts\/8871\/revisions\/8872"}],"wp:featuredmedia":[{"embeddable":true,"href":"https:\/\/podernacional.com\/index.php?rest_route=\/wp\/v2\/media\/8873"}],"wp:attachment":[{"href":"https:\/\/podernacional.com\/index.php?rest_route=%2Fwp%2Fv2%2Fmedia&parent=8871"}],"wp:term":[{"taxonomy":"category","embeddable":true,"href":"https:\/\/podernacional.com\/index.php?rest_route=%2Fwp%2Fv2%2Fcategories&post=8871"},{"taxonomy":"post_tag","embeddable":true,"href":"https:\/\/podernacional.com\/index.php?rest_route=%2Fwp%2Fv2%2Ftags&post=8871"}],"curies":[{"name":"wp","href":"https:\/\/api.w.org\/{rel}","templated":true}]}}