{"id":8874,"date":"2022-09-06T20:12:01","date_gmt":"2022-09-07T01:12:01","guid":{"rendered":"https:\/\/podernacional.com\/?p=8874"},"modified":"2022-09-07T01:12:02","modified_gmt":"2022-09-07T01:12:02","slug":"vigo-se-llenara-los-proximos-dos-meses-de-espectaculos-de-danza-teatro-circo-y-magia","status":"publish","type":"post","link":"https:\/\/podernacional.com\/?p=8874","title":{"rendered":"Vigo se llenar\u00e1 los pr\u00f3ximos dos meses de espect\u00e1culos de danza, teatro, circo y magia"},"content":{"rendered":"<h4>\u00abVigocultura\u00bb celebrar\u00e1 desde el 23 de septiembre hasta finales de noviembre 29 funciones en el Auditorio Municipal, la calle del Pr\u00edncipe.<\/h4>\n<p>Vigo: As\u00ed como de la Plaza del Rey se llenar\u00e1n de artes esc\u00e9nicas a lo largo de dos meses con el regreso de \u00abVigocultura\u00bb.<\/p>\n<p>Ademas de la programaci\u00f3n del Concello que incluye 19 espect\u00e1culos de diversas disciplinas, desarrollados por 19 compa\u00f1\u00edas en 29 funciones y 27 d\u00edas.<\/p>\n<p>Esto, desde el 23 de septiembre hasta el \u00faltimo fin de semana de noviembre.<\/p>\n<p>Abel Caballero present\u00f3 en rueda de prensa una \u00abextraordinaria edici\u00f3n\u00bb.<\/p>\n<p>Lo cual para este semestre con un presupuesto de 150.000 euros que llega tras la celebraci\u00f3n en el primer semestre de este a\u00f1o de espect\u00e1culos.<\/p>\n<p>Ademas\u00a0que congregaron a m\u00e1s de 10.000 personas.<\/p>\n<h4>La programaci\u00f3n est\u00e1 dirigida a todos los p\u00fablicos con propuestas de teatro, danza, circo, magia y espect\u00e1culos para beb\u00e9s.<\/h4>\n<p>En esta edici\u00f3n habr\u00e1 3 estrenos mundiales y 2 estrenos en Galicia, con la participaci\u00f3n de 4 compa\u00f1\u00edas viguesas.<\/p>\n<p>As\u00ed como de\u00a02 portuguesas, 18 del resto de Galicia y 5 de fuera.<\/p>\n<p>La principal novedad de esta edici\u00f3n ser\u00e1 la actuaci\u00f3n al aire libre en la Plaza del Rey.<\/p>\n<p>Esto\u00a0de la compa\u00f1\u00eda Funboa Esc\u00e9nica con su espect\u00e1culo de danza Technocracia.<\/p>\n<p>Al aire libre ser\u00e1 el arranque de \u00abVigocultura\u00bb el 23 de septiembre, este caso en la calle del Pr\u00edncipe (Vigo).<\/p>\n<p>Ademas que\u00a0con la representaci\u00f3n de \u00abO estra\u00f1o caso do dentista da r\u00faa Brasov\u00bb, de la compa\u00f1\u00eda viguesa Troula.<\/p>\n<p>Los domingos ser\u00e1n para los espect\u00e1culos para un p\u00fablico familiar con magia, t\u00edteres, circo, danza y m\u00fasica, adem\u00e1s de una funci\u00f3n para beb\u00e9s.<\/p>\n<p>La venta de entradas comienza este mi\u00e9rcoles, 9 de septiembre, a trav\u00e9s de la web Giglon y la Librer\u00eda Librouro.<\/p>\n<p>Tambi\u00e9n pueden adquirirse el d\u00eda del espect\u00e1culo en la taquilla del Auditorio.<\/p>\n<p>Los precios ser\u00e1 entre 8 y 12 euros para los adultos y 5 euros para el p\u00fablico familiar.<\/p>\n<p>Adem\u00e1s hay abonos para 5 y 10 espect\u00e1culos que alcanzan hasta un 25% de descuento.<\/p>\n","protected":false},"excerpt":{"rendered":"<p>\u00abVigocultura\u00bb celebrar\u00e1 desde el 23 de septiembre hasta finales de noviembre 29 funciones en el Auditorio Municipal, la calle del Pr\u00edncipe. Vigo: As\u00ed como de la Plaza del Rey se llenar\u00e1n de artes esc\u00e9nicas a lo largo de dos meses con el regreso de \u00abVigocultura\u00bb. Ademas de la programaci\u00f3n del Concello que incluye 19 espect\u00e1culos [&hellip;]<\/p>\n","protected":false},"author":1,"featured_media":8876,"comment_status":"open","ping_status":"closed","sticky":false,"template":"","format":"standard","meta":{"footnotes":""},"categories":[4,5],"tags":[],"class_list":["post-8874","post","type-post","status-publish","format-standard","has-post-thumbnail","hentry","category-espectaculos","category-internacional"],"_links":{"self":[{"href":"https:\/\/podernacional.com\/index.php?rest_route=\/wp\/v2\/posts\/8874","targetHints":{"allow":["GET"]}}],"collection":[{"href":"https:\/\/podernacional.com\/index.php?rest_route=\/wp\/v2\/posts"}],"about":[{"href":"https:\/\/podernacional.com\/index.php?rest_route=\/wp\/v2\/types\/post"}],"author":[{"embeddable":true,"href":"https:\/\/podernacional.com\/index.php?rest_route=\/wp\/v2\/users\/1"}],"replies":[{"embeddable":true,"href":"https:\/\/podernacional.com\/index.php?rest_route=%2Fwp%2Fv2%2Fcomments&post=8874"}],"version-history":[{"count":1,"href":"https:\/\/podernacional.com\/index.php?rest_route=\/wp\/v2\/posts\/8874\/revisions"}],"predecessor-version":[{"id":8875,"href":"https:\/\/podernacional.com\/index.php?rest_route=\/wp\/v2\/posts\/8874\/revisions\/8875"}],"wp:featuredmedia":[{"embeddable":true,"href":"https:\/\/podernacional.com\/index.php?rest_route=\/wp\/v2\/media\/8876"}],"wp:attachment":[{"href":"https:\/\/podernacional.com\/index.php?rest_route=%2Fwp%2Fv2%2Fmedia&parent=8874"}],"wp:term":[{"taxonomy":"category","embeddable":true,"href":"https:\/\/podernacional.com\/index.php?rest_route=%2Fwp%2Fv2%2Fcategories&post=8874"},{"taxonomy":"post_tag","embeddable":true,"href":"https:\/\/podernacional.com\/index.php?rest_route=%2Fwp%2Fv2%2Ftags&post=8874"}],"curies":[{"name":"wp","href":"https:\/\/api.w.org\/{rel}","templated":true}]}}