{"id":8877,"date":"2022-09-06T20:24:00","date_gmt":"2022-09-07T01:24:00","guid":{"rendered":"https:\/\/podernacional.com\/?p=8877"},"modified":"2022-09-07T01:24:02","modified_gmt":"2022-09-07T01:24:02","slug":"comenzo-la-participacion-de-argentina-en-la-evaluacion-internacional-pisa","status":"publish","type":"post","link":"https:\/\/podernacional.com\/?p=8877","title":{"rendered":"Comenz\u00f3 la participaci\u00f3n de Argentina en la evaluaci\u00f3n internacional PISA"},"content":{"rendered":"<h4>Estudiantes de escuelas secundarias de seis provincias comenzaron a participar hoy de las pruebas PISA 2022.<\/h4>\n<p>Argentina: Ademas del estudio internacional m\u00e1s amplio del mundo en el \u00e1rea de la educaci\u00f3n.<\/p>\n<p>De los cuales\u00a0se desarrollar\u00e1 hasta el 30 de septiembre en 461 escuelas de todo el pa\u00eds.<\/p>\n<p>De la que formar\u00e1n parte unos 15 mil alumnas y alumnos.<\/p>\n<p>La evaluaci\u00f3n se inici\u00f3 hoy en las provincias de Chaco, Chubut, Corrientes, Entre R\u00edos, San Luis y Tucum\u00e1n.<\/p>\n<p>En los pr\u00f3ximos d\u00edas se extender\u00e1 al resto de las 24 jurisdicciones educativas.<\/p>\n<p>El dispositivo de la Organizaci\u00f3n para la Cooperaci\u00f3n y el Desarrollo Econ\u00f3micos (OCDE).<\/p>\n<h4>Ademas que tiene por objetivo identificar pr\u00e1cticas educativas y factores asociados al rendimiento en los procesos de ense\u00f1anza y aprendizaje.<\/h4>\n<p>Adem\u00e1s, permite establecer similitudes y diferencias con otros sistemas educativos tanto de la regi\u00f3n como de otras partes del mundo.<\/p>\n<p>Por primera vez en nuestro pa\u00eds, alrededor de 15 mil estudiantes de 15 a\u00f1os de edad realizar\u00e1n.<\/p>\n<p>\u2013desde cada escuela\u2013 la prueba en computadora, a trav\u00e9s de un software espec\u00edfico que no necesita conexi\u00f3n a Internet.<\/p>\n<p>Para esto, el Ministerio de Educaci\u00f3n de la Naci\u00f3n entreg\u00f3 computadoras a cada estudiante de las escuelas seleccionadas.<\/p>\n<p>Adema de que\u00a0llev\u00f3 a cabo capacitaciones para familiarizar a los distintos perfiles involucrados con esta nueva modalidad digital de la evaluaci\u00f3n.<\/p>\n<h4>Las \u00e1reas evaluadas ser\u00e1n Lectura, Matem\u00e1tica y Ciencias. Se har\u00e1 foco en Matem\u00e1tica, lo que implica que habr\u00e1 m\u00e1s preguntas relacionadas con esta \u00e1rea.<\/h4>\n<p>Asimismo, PISA incorpora cuestionarios complementarios para estudiantes.<\/p>\n<p>Ademas de equipos directivos a partir de los cuales es posible realizar un an\u00e1lisis de las dimensiones relacionadas con los logros del aprendizaje.<\/p>\n<p>El Ministro de Educaci\u00f3n, Jaime Perczyk precis\u00f3 que la participaci\u00f3n en las pruebas PISA.<\/p>\n<p>\u201cEs un compromiso que asumi\u00f3 la Argentina en el a\u00f1o 2000\u201d.<\/p>\n<p>As\u00ed que\u00a0resalt\u00f3 el esfuerzo \u201cde docentes, estudiantes y capacitadores para que por primera vez la evaluaci\u00f3n sea en formato digital\u201d.<\/p>\n","protected":false},"excerpt":{"rendered":"<p>Estudiantes de escuelas secundarias de seis provincias comenzaron a participar hoy de las pruebas PISA 2022. Argentina: Ademas del estudio internacional m\u00e1s amplio del mundo en el \u00e1rea de la educaci\u00f3n. De los cuales\u00a0se desarrollar\u00e1 hasta el 30 de septiembre en 461 escuelas de todo el pa\u00eds. De la que formar\u00e1n parte unos 15 mil [&hellip;]<\/p>\n","protected":false},"author":1,"featured_media":8879,"comment_status":"open","ping_status":"closed","sticky":false,"template":"","format":"standard","meta":{"footnotes":""},"categories":[5,9],"tags":[],"class_list":["post-8877","post","type-post","status-publish","format-standard","has-post-thumbnail","hentry","category-internacional","category-politica"],"_links":{"self":[{"href":"https:\/\/podernacional.com\/index.php?rest_route=\/wp\/v2\/posts\/8877","targetHints":{"allow":["GET"]}}],"collection":[{"href":"https:\/\/podernacional.com\/index.php?rest_route=\/wp\/v2\/posts"}],"about":[{"href":"https:\/\/podernacional.com\/index.php?rest_route=\/wp\/v2\/types\/post"}],"author":[{"embeddable":true,"href":"https:\/\/podernacional.com\/index.php?rest_route=\/wp\/v2\/users\/1"}],"replies":[{"embeddable":true,"href":"https:\/\/podernacional.com\/index.php?rest_route=%2Fwp%2Fv2%2Fcomments&post=8877"}],"version-history":[{"count":1,"href":"https:\/\/podernacional.com\/index.php?rest_route=\/wp\/v2\/posts\/8877\/revisions"}],"predecessor-version":[{"id":8878,"href":"https:\/\/podernacional.com\/index.php?rest_route=\/wp\/v2\/posts\/8877\/revisions\/8878"}],"wp:featuredmedia":[{"embeddable":true,"href":"https:\/\/podernacional.com\/index.php?rest_route=\/wp\/v2\/media\/8879"}],"wp:attachment":[{"href":"https:\/\/podernacional.com\/index.php?rest_route=%2Fwp%2Fv2%2Fmedia&parent=8877"}],"wp:term":[{"taxonomy":"category","embeddable":true,"href":"https:\/\/podernacional.com\/index.php?rest_route=%2Fwp%2Fv2%2Fcategories&post=8877"},{"taxonomy":"post_tag","embeddable":true,"href":"https:\/\/podernacional.com\/index.php?rest_route=%2Fwp%2Fv2%2Ftags&post=8877"}],"curies":[{"name":"wp","href":"https:\/\/api.w.org\/{rel}","templated":true}]}}