{"id":8886,"date":"2022-09-06T21:21:21","date_gmt":"2022-09-07T02:21:21","guid":{"rendered":"https:\/\/podernacional.com\/?p=8886"},"modified":"2022-09-07T02:21:23","modified_gmt":"2022-09-07T02:21:23","slug":"genera-zacatecas-295-empleos-formales","status":"publish","type":"post","link":"https:\/\/podernacional.com\/?p=8886","title":{"rendered":"Genera Zacatecas 295 empleos formales"},"content":{"rendered":"<h4>Tras varios meses a la baja en empleos formales registrados ante el Instituto Mexicano del Seguro Social (IMSS).<\/h4>\n<p>Empleos formales: Con esto mencionan que Zacatecas logr\u00f3 generar 295 nuevos puestos de trabajo.<\/p>\n<p>Aunque, sin embargo, a\u00fan est\u00e1 por debajo de las cifras registradas a finales de 2021.<\/p>\n<p>De acuerdo con el sistema de <a href=\"http:\/\/www.imss.gob.mx\/conoce-al-imss\/cubos\">Consulta Din\u00e1mica de Informaci\u00f3n<\/a> (Cubos) del IMSS.<\/p>\n<p>Con esto, en agosto del presente a\u00f1o se registraron 194 mil 760 puestos de trabajo formales, mientras que en julio eran 194 mil 441.<\/p>\n<p>Cabe recordar que en diciembre de 2021 eran 195 mil 976 puestos de trabajo registrados.<\/p>\n<p>Es decir, actualmente Zacatecas tiene mil 216 empleos formales menos que al cierre del a\u00f1o pasado.<\/p>\n<h4>A nivel nacional, agosto fue el segundo mes con mejor desempe\u00f1o en la creaci\u00f3n de puestos de trabajo formal.<\/h4>\n<p>Ademas de estar\u00a0registrando un promedio de aumento de 0.7 por ciento con respecto al mes inmediato anterior (julio).<\/p>\n<p>En el caso de Zacatecas, el aumento en la creaci\u00f3n de empleos fue de apenas 0.1 por ciento.<\/p>\n<p>Siendo uno de los estados con menor porcentaje.<\/p>\n<p>Los estados que reportaron mayor creaci\u00f3n de nuevos empleos registrados ante el IMSS fueron:<\/p>\n<p>Baja California Sur, Tabasco y Quintana Roo. En contraste, Zacatecas, Sinaloa y San Luis Potos\u00ed fueron los que tuvieron menor creaci\u00f3n.<\/p>\n<p>Cabe recordar que la entidad tuvo cuatro meses a la baja en la creaci\u00f3n de puestos de trabajo, pues desde marzo.<\/p>\n<p>Ademas que es el mes en el que m\u00e1s empleos formales se registraron con 196 mil 703.<\/p>\n<p>De ah\u00ed le siguen: abril, mayo, junio y julio mostraron comportamientos a la baja.<\/p>\n","protected":false},"excerpt":{"rendered":"<p>Tras varios meses a la baja en empleos formales registrados ante el Instituto Mexicano del Seguro Social (IMSS). Empleos formales: Con esto mencionan que Zacatecas logr\u00f3 generar 295 nuevos puestos de trabajo. Aunque, sin embargo, a\u00fan est\u00e1 por debajo de las cifras registradas a finales de 2021. De acuerdo con el sistema de Consulta Din\u00e1mica [&hellip;]<\/p>\n","protected":false},"author":1,"featured_media":8888,"comment_status":"open","ping_status":"closed","sticky":false,"template":"","format":"standard","meta":{"footnotes":""},"categories":[7,9],"tags":[],"class_list":["post-8886","post","type-post","status-publish","format-standard","has-post-thumbnail","hentry","category-nacional","category-politica"],"_links":{"self":[{"href":"https:\/\/podernacional.com\/index.php?rest_route=\/wp\/v2\/posts\/8886","targetHints":{"allow":["GET"]}}],"collection":[{"href":"https:\/\/podernacional.com\/index.php?rest_route=\/wp\/v2\/posts"}],"about":[{"href":"https:\/\/podernacional.com\/index.php?rest_route=\/wp\/v2\/types\/post"}],"author":[{"embeddable":true,"href":"https:\/\/podernacional.com\/index.php?rest_route=\/wp\/v2\/users\/1"}],"replies":[{"embeddable":true,"href":"https:\/\/podernacional.com\/index.php?rest_route=%2Fwp%2Fv2%2Fcomments&post=8886"}],"version-history":[{"count":1,"href":"https:\/\/podernacional.com\/index.php?rest_route=\/wp\/v2\/posts\/8886\/revisions"}],"predecessor-version":[{"id":8887,"href":"https:\/\/podernacional.com\/index.php?rest_route=\/wp\/v2\/posts\/8886\/revisions\/8887"}],"wp:featuredmedia":[{"embeddable":true,"href":"https:\/\/podernacional.com\/index.php?rest_route=\/wp\/v2\/media\/8888"}],"wp:attachment":[{"href":"https:\/\/podernacional.com\/index.php?rest_route=%2Fwp%2Fv2%2Fmedia&parent=8886"}],"wp:term":[{"taxonomy":"category","embeddable":true,"href":"https:\/\/podernacional.com\/index.php?rest_route=%2Fwp%2Fv2%2Fcategories&post=8886"},{"taxonomy":"post_tag","embeddable":true,"href":"https:\/\/podernacional.com\/index.php?rest_route=%2Fwp%2Fv2%2Ftags&post=8886"}],"curies":[{"name":"wp","href":"https:\/\/api.w.org\/{rel}","templated":true}]}}