{"id":8910,"date":"2022-09-07T21:25:12","date_gmt":"2022-09-08T02:25:12","guid":{"rendered":"https:\/\/podernacional.com\/?p=8910"},"modified":"2022-09-08T02:25:13","modified_gmt":"2022-09-08T02:25:13","slug":"recupera-afluencia-el-planetario-de-cancun","status":"publish","type":"post","link":"https:\/\/podernacional.com\/?p=8910","title":{"rendered":"Recupera afluencia el planetario de Canc\u00fan"},"content":{"rendered":"<h4>La presencia de grupos escolares, por el regreso a clases, ha ayudado en la reactivaci\u00f3n del planetario Ka\u2019Yok\u2019 de Canc\u00fan.<\/h4>\n<p>Planetario de Canc\u00fan: Con la reactivaci\u00f3n que se ha registrado derivado de la disminuci\u00f3n de contagios por Covid-19.<\/p>\n<p>En el Planetario Ka\u2019Yok\u2019 de Canc\u00fan ha ido en aumento la afluencia de visitantes.<\/p>\n<p>As\u00ed como\u00a0de los que m\u00e1s se han presentado son los grupos escolares.<\/p>\n<p>As\u00ed lo dio a conocer Milagros V\u00e1rguez, directora del Planetario, quien coment\u00f3 que est\u00e1n trabajando para aumentar la asistencia de escuelas.<\/p>\n<p>Ademas\u00a0que por el confinamiento debido a la pandemia se vio afectada, por ello desde el semestre pasado ya han notado una mayor afluencia.<\/p>\n<p>\u201cAhora esperamos ya un repunte mayor que la vez pasada\u201d.<\/p>\n<p>\u201cCon la pandemia s\u00ed baj\u00f3 dr\u00e1sticamente, de tener 12 mil personas al mes, ten\u00edamos mucho menos y tambi\u00e9n depend\u00eda de los meses\u201d.<\/p>\n<h4>\u201cAs\u00ed como de\u00a0nuestro p\u00fablico principal siempre han sido las escuelas y los que vienen los fines de semana o en las tardes\u201d.<\/h4>\n<p>No obstante, con la reactivaci\u00f3n que ya se ha dado desde hace meses y con el regreso a clases presenciales.<\/p>\n<p>Ademas de que conf\u00edan superar las cifras que ten\u00edan antes de la pandemia y tener una recuperaci\u00f3n para fin de a\u00f1o.<\/p>\n<p>As\u00ed como del manifestar que actualmente reciben alrededor de 6 mil personas o un poco m\u00e1s al mes.<\/p>\n<p>En ese sentido, coment\u00f3 que en las instalaciones de este lugar se mantienen las medidas sanitarias, entre ellas el uso del cubrebocas.<\/p>\n<p>Esto puesto que la intenci\u00f3n es seguir cuidando tanto al personal, como a los visitantes y que se lleven una agradable experiencia.<\/p>\n<p>La directora abund\u00f3 que para este mes cuentan con diversas actividades \u2014tanto en formato presencial como a distancia\u2014.<\/p>\n<p>Ademas que\u00a0entre ellas est\u00e1 la observaci\u00f3n a Saturno y a J\u00fapiter, una noche de aficionados, que en esta ocasi\u00f3n se realizar\u00e1 el jueves 22.<\/p>\n<p>As\u00ed como las visitas guiadas en la Sala Maya, talleres de loter\u00eda astron\u00f3mica, servicios de mantenimiento y ajustes a telescopio.<\/p>\n<p>Esto \u2014con previa cita\u2014, as\u00ed como show l\u00e1ser con m\u00fasica de diferentes artistas en el domo digital, entre otras m\u00e1s que la gente puede encontrar en:<\/p>\n<p>https:\/\/www.planetariodecancun.org\/.<\/p>\n","protected":false},"excerpt":{"rendered":"<p>La presencia de grupos escolares, por el regreso a clases, ha ayudado en la reactivaci\u00f3n del planetario Ka\u2019Yok\u2019 de Canc\u00fan. Planetario de Canc\u00fan: Con la reactivaci\u00f3n que se ha registrado derivado de la disminuci\u00f3n de contagios por Covid-19. En el Planetario Ka\u2019Yok\u2019 de Canc\u00fan ha ido en aumento la afluencia de visitantes. As\u00ed como\u00a0de los [&hellip;]<\/p>\n","protected":false},"author":1,"featured_media":8912,"comment_status":"open","ping_status":"closed","sticky":false,"template":"","format":"standard","meta":{"footnotes":""},"categories":[2,6],"tags":[],"class_list":["post-8910","post","type-post","status-publish","format-standard","has-post-thumbnail","hentry","category-cultural","category-local"],"_links":{"self":[{"href":"https:\/\/podernacional.com\/index.php?rest_route=\/wp\/v2\/posts\/8910","targetHints":{"allow":["GET"]}}],"collection":[{"href":"https:\/\/podernacional.com\/index.php?rest_route=\/wp\/v2\/posts"}],"about":[{"href":"https:\/\/podernacional.com\/index.php?rest_route=\/wp\/v2\/types\/post"}],"author":[{"embeddable":true,"href":"https:\/\/podernacional.com\/index.php?rest_route=\/wp\/v2\/users\/1"}],"replies":[{"embeddable":true,"href":"https:\/\/podernacional.com\/index.php?rest_route=%2Fwp%2Fv2%2Fcomments&post=8910"}],"version-history":[{"count":1,"href":"https:\/\/podernacional.com\/index.php?rest_route=\/wp\/v2\/posts\/8910\/revisions"}],"predecessor-version":[{"id":8911,"href":"https:\/\/podernacional.com\/index.php?rest_route=\/wp\/v2\/posts\/8910\/revisions\/8911"}],"wp:featuredmedia":[{"embeddable":true,"href":"https:\/\/podernacional.com\/index.php?rest_route=\/wp\/v2\/media\/8912"}],"wp:attachment":[{"href":"https:\/\/podernacional.com\/index.php?rest_route=%2Fwp%2Fv2%2Fmedia&parent=8910"}],"wp:term":[{"taxonomy":"category","embeddable":true,"href":"https:\/\/podernacional.com\/index.php?rest_route=%2Fwp%2Fv2%2Fcategories&post=8910"},{"taxonomy":"post_tag","embeddable":true,"href":"https:\/\/podernacional.com\/index.php?rest_route=%2Fwp%2Fv2%2Ftags&post=8910"}],"curies":[{"name":"wp","href":"https:\/\/api.w.org\/{rel}","templated":true}]}}