{"id":8919,"date":"2022-09-07T21:36:56","date_gmt":"2022-09-08T02:36:56","guid":{"rendered":"https:\/\/podernacional.com\/?p=8919"},"modified":"2022-09-08T02:36:57","modified_gmt":"2022-09-08T02:36:57","slug":"avances-en-infraestructura-de-telecomunicaciones-todo-zacatecas-conectado","status":"publish","type":"post","link":"https:\/\/podernacional.com\/?p=8919","title":{"rendered":"Avances en infraestructura de telecomunicaciones: \u2018Todo Zacatecas Conectado\u2019"},"content":{"rendered":"<h4>Hasta el momento se ha reducido en un 42% el n\u00famero de municipios sin red celular. Se esperan m\u00e1s avances.<\/h4>\n<p>Infraestructura de telecomunicaciones: A trav\u00e9s del programa \u201cTodo <a href=\"https:\/\/www.zacatecas.gob.mx\/\">Zacatecas<\/a> Conectado\u201d, se tiene el objetivo de ampliar la cobertura de red celular e internet.<\/p>\n<p>La cual es\u00a0principalmente en comunidades alejadas.<\/p>\n<p>Asimismo, se pretende impulsar la transformaci\u00f3n digital de las empresas, tanto como mejorar la infraestructura de telecomunicaciones en todo el estado.<\/p>\n<p>Hasta el momento, tras doce meses del lanzamiento de esta iniciativa, la Secretar\u00eda de Econom\u00eda ha gestionado con la CFE-TEIT.<\/p>\n<p>As\u00ed como de unos mayores apoyos para infraestructura en diferentes regiones de la entidad.<\/p>\n<p>Mediante estos avances, se logr\u00f3 instalar tres nuevas torres de telecomunicaciones de cobertura total 4G.<\/p>\n<h4>Con esto se benefici\u00f3 a m\u00e1s de 4 mil habitantes de los municipios de Susticac\u00e1n, Melchor Ocampo y Jim\u00e9nez del Te\u00fal.<\/h4>\n<p>Asimismo, se apunt\u00f3 que se ha logrado disminuir en un 42% el n\u00famero de municipios sin acceso a red celular.<\/p>\n<p>A esto se suma que se consigui\u00f3 la autorizaci\u00f3n por parte del CFE-TEIT para instalar nuevas torres y antenas celulares en otros municipios y comunidades.<\/p>\n<p>Al fortalecer las comunicaciones al interior del estado y en las comunidades m\u00e1s alejadas, se transforma la realidad de los municipio.<\/p>\n<p>Esto buscando\u00a0impulsando su bienestar.<\/p>\n<p>Por otro lado, tambi\u00e9n se convierte en una herramienta para mejorar la seguridad.<\/p>\n<p>Asimismo, se garantiza el derecho al acceso a internet, reduciendo la brecha digital.<\/p>\n<p>Por ende, hay avances en infraestructura de telecomunicaciones: \u2018Todo Zacatecas Conectado\u2019<\/p>\n<p>&nbsp;<\/p>\n","protected":false},"excerpt":{"rendered":"<p>Hasta el momento se ha reducido en un 42% el n\u00famero de municipios sin red celular. Se esperan m\u00e1s avances. Infraestructura de telecomunicaciones: A trav\u00e9s del programa \u201cTodo Zacatecas Conectado\u201d, se tiene el objetivo de ampliar la cobertura de red celular e internet. La cual es\u00a0principalmente en comunidades alejadas. Asimismo, se pretende impulsar la transformaci\u00f3n [&hellip;]<\/p>\n","protected":false},"author":1,"featured_media":8921,"comment_status":"open","ping_status":"closed","sticky":false,"template":"","format":"standard","meta":{"footnotes":""},"categories":[7,13],"tags":[],"class_list":["post-8919","post","type-post","status-publish","format-standard","has-post-thumbnail","hentry","category-nacional","category-tecnologia"],"_links":{"self":[{"href":"https:\/\/podernacional.com\/index.php?rest_route=\/wp\/v2\/posts\/8919","targetHints":{"allow":["GET"]}}],"collection":[{"href":"https:\/\/podernacional.com\/index.php?rest_route=\/wp\/v2\/posts"}],"about":[{"href":"https:\/\/podernacional.com\/index.php?rest_route=\/wp\/v2\/types\/post"}],"author":[{"embeddable":true,"href":"https:\/\/podernacional.com\/index.php?rest_route=\/wp\/v2\/users\/1"}],"replies":[{"embeddable":true,"href":"https:\/\/podernacional.com\/index.php?rest_route=%2Fwp%2Fv2%2Fcomments&post=8919"}],"version-history":[{"count":1,"href":"https:\/\/podernacional.com\/index.php?rest_route=\/wp\/v2\/posts\/8919\/revisions"}],"predecessor-version":[{"id":8920,"href":"https:\/\/podernacional.com\/index.php?rest_route=\/wp\/v2\/posts\/8919\/revisions\/8920"}],"wp:featuredmedia":[{"embeddable":true,"href":"https:\/\/podernacional.com\/index.php?rest_route=\/wp\/v2\/media\/8921"}],"wp:attachment":[{"href":"https:\/\/podernacional.com\/index.php?rest_route=%2Fwp%2Fv2%2Fmedia&parent=8919"}],"wp:term":[{"taxonomy":"category","embeddable":true,"href":"https:\/\/podernacional.com\/index.php?rest_route=%2Fwp%2Fv2%2Fcategories&post=8919"},{"taxonomy":"post_tag","embeddable":true,"href":"https:\/\/podernacional.com\/index.php?rest_route=%2Fwp%2Fv2%2Ftags&post=8919"}],"curies":[{"name":"wp","href":"https:\/\/api.w.org\/{rel}","templated":true}]}}