{"id":8922,"date":"2022-09-07T21:41:52","date_gmt":"2022-09-08T02:41:52","guid":{"rendered":"https:\/\/podernacional.com\/?p=8922"},"modified":"2022-09-08T02:41:53","modified_gmt":"2022-09-08T02:41:53","slug":"dan-ultimatum-para-suspension-de-corridas-de-toros-en-zacatecas","status":"publish","type":"post","link":"https:\/\/podernacional.com\/?p=8922","title":{"rendered":"Dan ultim\u00e1tum para suspensi\u00f3n de corridas de toros en Zacatecas"},"content":{"rendered":"<h4>La multa ascender\u00eda a 50 mil pesos<\/h4>\n<p>Corridas de toros en Zacatecas: Antes de ma\u00f1ana jueves las partes involucradas deber\u00e1n acreditar el cumplimiento a la suspensi\u00f3n definitiva de las corridas de toros<\/p>\n<p>El Juzgado Segundo del Distrito del Poder Judicial de la Federaci\u00f3n, dio un lapso de 24 horas.<\/p>\n<p>El cual es para que los involucrados en la suspensi\u00f3n definitiva a las corridas de toros.<\/p>\n<p>En las celebraciones de la Feria Nacional de Zacatecas (Fenaza) 2022<\/p>\n<p>Esto para que comprueben que han acatado la medida. La multa podr\u00eda ser desde cuatro mil 811 pesos hasta 48 mil 110 pesos.<\/p>\n<p>En estrados del Juzgado, la jueza que dict\u00f3 la resoluci\u00f3n pidi\u00f3 pruebas a las autoridades de la Feria Nacional de Zacatecas.<\/p>\n<p>As\u00ed como a los empresarios que tienen a su cargo las corridas en la Plaza de Toros Monumental de Zacatecas, de que se est\u00e9 cumpliendo.<\/p>\n<p>Antes de ma\u00f1ana jueves deber\u00e1n acreditar el cumplimiento a la suspensi\u00f3n definitiva de las corridas de toros.<\/p>\n<p>De no acreditar el cumplimiento, se podr\u00eda imponer una multa de 50 UMAs (Unidades de Medida y Actualizaci\u00f3n).<\/p>\n<p>Esto en conformidad con lo dispuesto en el art\u00edculo 158 de la Ley de Amparo.<\/p>\n<h4>Al momento ya se han realizado dos eventos taurinos en la Plaza de Toros.<\/h4>\n<p>El pasado s\u00e1bado 3 de septiembre se llev\u00f3 a cabo una novillada con:<\/p>\n<p>Jos\u00e9 Ma Mendoza, Jussef, Rafael Soriano, Juan Querencia, Hidalgo Garc\u00eda, C\u00e9sar Pacheco y Lolo Guti\u00e9rrez, con siete astados de la ganader\u00eda de Torrecilla.<\/p>\n<p>El d\u00eda domingo 4 de septiembre de disput\u00f3 el Rej\u00f3n de Plata por Cuauht\u00e9moc Ayala, Fauro Aloi, Tarik Oth\u00f3n con seis toros de Puerta Grande.<\/p>\n<p>Para ma\u00f1ana 8 de septiembre, se anuncia una corrida de toros por el Escapulario de la Virgen del Patrocinio.<\/p>\n<p>Esto entre Arturo Mac\u00edas, Ferm\u00edn Rivera y El Payo, con seis toros de la ganader\u00eda de Los \u00c9banos.<\/p>\n<p>Pas\u00f3 empresa por encima del Juzgado y el Gobernador<\/p>\n<p>La empresa Asociaci\u00f3n Mexicana de Tauromaquia, Asociaci\u00f3n Civil, es quien habr\u00eda desacatado la orden del Juzgado Segundo de Distrito.<\/p>\n<p>Ademas de la suspensi\u00f3n definitiva de las corridas de toros en la Feria Nacional de Zacatecas.<\/p>\n<p>E incluso desatendieron un documento firmado por el gobernador David Monreal \u00c1vila, donde se les dice que:<\/p>\n<p>\u201cQuedan suspendidos los efectos del contrato de concesi\u00f3n celebrado\u2026\u201d<\/p>\n<p>Es decir, la empresa, hoy, no tiene permiso para el uso de la plaza Monumental de Zacatecas ni para realizar corridas de toros.<\/p>\n","protected":false},"excerpt":{"rendered":"<p>La multa ascender\u00eda a 50 mil pesos Corridas de toros en Zacatecas: Antes de ma\u00f1ana jueves las partes involucradas deber\u00e1n acreditar el cumplimiento a la suspensi\u00f3n definitiva de las corridas de toros El Juzgado Segundo del Distrito del Poder Judicial de la Federaci\u00f3n, dio un lapso de 24 horas. El cual es para que los [&hellip;]<\/p>\n","protected":false},"author":1,"featured_media":8924,"comment_status":"open","ping_status":"closed","sticky":false,"template":"","format":"standard","meta":{"footnotes":""},"categories":[7,9],"tags":[],"class_list":["post-8922","post","type-post","status-publish","format-standard","has-post-thumbnail","hentry","category-nacional","category-politica"],"_links":{"self":[{"href":"https:\/\/podernacional.com\/index.php?rest_route=\/wp\/v2\/posts\/8922","targetHints":{"allow":["GET"]}}],"collection":[{"href":"https:\/\/podernacional.com\/index.php?rest_route=\/wp\/v2\/posts"}],"about":[{"href":"https:\/\/podernacional.com\/index.php?rest_route=\/wp\/v2\/types\/post"}],"author":[{"embeddable":true,"href":"https:\/\/podernacional.com\/index.php?rest_route=\/wp\/v2\/users\/1"}],"replies":[{"embeddable":true,"href":"https:\/\/podernacional.com\/index.php?rest_route=%2Fwp%2Fv2%2Fcomments&post=8922"}],"version-history":[{"count":1,"href":"https:\/\/podernacional.com\/index.php?rest_route=\/wp\/v2\/posts\/8922\/revisions"}],"predecessor-version":[{"id":8923,"href":"https:\/\/podernacional.com\/index.php?rest_route=\/wp\/v2\/posts\/8922\/revisions\/8923"}],"wp:featuredmedia":[{"embeddable":true,"href":"https:\/\/podernacional.com\/index.php?rest_route=\/wp\/v2\/media\/8924"}],"wp:attachment":[{"href":"https:\/\/podernacional.com\/index.php?rest_route=%2Fwp%2Fv2%2Fmedia&parent=8922"}],"wp:term":[{"taxonomy":"category","embeddable":true,"href":"https:\/\/podernacional.com\/index.php?rest_route=%2Fwp%2Fv2%2Fcategories&post=8922"},{"taxonomy":"post_tag","embeddable":true,"href":"https:\/\/podernacional.com\/index.php?rest_route=%2Fwp%2Fv2%2Ftags&post=8922"}],"curies":[{"name":"wp","href":"https:\/\/api.w.org\/{rel}","templated":true}]}}