{"id":8946,"date":"2022-09-08T18:49:05","date_gmt":"2022-09-08T23:49:05","guid":{"rendered":"https:\/\/podernacional.com\/?p=8946"},"modified":"2022-09-08T23:49:07","modified_gmt":"2022-09-08T23:49:07","slug":"amlo-viaja-rumbo-a-zacatecas-revisara-estrategia-de-seguridad-en-la-entidad","status":"publish","type":"post","link":"https:\/\/podernacional.com\/?p=8946","title":{"rendered":"AMLO viaja rumbo a Zacatecas; revisar\u00e1 estrategia de seguridad en la entidad"},"content":{"rendered":"<h4>Al t\u00e9rmino de la mesa de seguridad, el presidente L\u00f3pez Obrador ofrecer\u00e1 su conferencia ma\u00f1anera.<\/h4>\n<p>Estrategia de seguridad: Para despu\u00e9s trasladarse a Durango para encabezar la presentaci\u00f3n del Plan de Justicia para los pueblos Na\u2019 yeri<\/p>\n<p><a href=\"https:\/\/twitter.com\/lopezobrador_\">AMLO<\/a> viaja rumbo a Zacatecas; revisar\u00e1 estrategia de seguridad en la entidad<\/p>\n<p>El presidente Andr\u00e9s Manuel L\u00f3pez Obrador viaja en vuelo Zacatecas donde este viernes revisar\u00e1 la estrategia de seguridad en la entidad.<\/p>\n<p>El pasado 17 de agosto, el gobierno de Estados Unidos, a trav\u00e9s de su Departamento de Estado.<\/p>\n<p>Ademas que emiti\u00f3 una alerta a ciudadanos estadounidenses para que no viajen Zacatecas por de actos violentos en el estado.<\/p>\n<h4>El embajador de Estados Unidos en Mexico, Ken Salazar dijo que la alerta se emiti\u00f3 \u00abdebido a mayor actividad criminal\u00bb.<\/h4>\n<p>Esto, en el estado gobernado por David Monreal \u00c1vila (Morena).<\/p>\n<p>El presidente L\u00f3pez Obrador viaja acompa\u00f1ado por su equipo de Ayudant\u00eda, que coordina Daniel Asaf.<\/p>\n<p>As\u00ed como por la coordinadora nacional de Protecci\u00f3n Civil, Laura Vel\u00e1zquez.<\/p>\n<p>El presidente L\u00f3pez Obrador junto con su Gabinete de Seguridad y el gobernador Monreal revisar\u00e1n las estrategia de seguridad.<\/p>\n<p>Al t\u00e9rmino de la mesa de seguridad, el presidente L\u00f3pez Obrador ofrecer\u00e1 su conferencia ma\u00f1anera.<\/p>\n<p>Luego se trasladar\u00e1 a Durango para encabezar la presentaci\u00f3n del Plan de Justicia para los pueblos Na\u2019 yeri (Coras).<\/p>\n<p>As\u00ed como de\u00a0O\u2019 dam (Tepehuanos) en Santa Mar\u00eda Ocot\u00e1n, Durango.<\/p>\n<p>Ademas que\u00a0por la tarde estar\u00e1 con el pueblo Wixarikas (Huicholes). Milpillas de San Andr\u00e9s, Nayarit.<\/p>\n","protected":false},"excerpt":{"rendered":"<p>Al t\u00e9rmino de la mesa de seguridad, el presidente L\u00f3pez Obrador ofrecer\u00e1 su conferencia ma\u00f1anera. Estrategia de seguridad: Para despu\u00e9s trasladarse a Durango para encabezar la presentaci\u00f3n del Plan de Justicia para los pueblos Na\u2019 yeri AMLO viaja rumbo a Zacatecas; revisar\u00e1 estrategia de seguridad en la entidad El presidente Andr\u00e9s Manuel L\u00f3pez Obrador viaja [&hellip;]<\/p>\n","protected":false},"author":1,"featured_media":8948,"comment_status":"open","ping_status":"closed","sticky":false,"template":"","format":"standard","meta":{"footnotes":""},"categories":[7,8,9],"tags":[],"class_list":["post-8946","post","type-post","status-publish","format-standard","has-post-thumbnail","hentry","category-nacional","category-policia","category-politica"],"_links":{"self":[{"href":"https:\/\/podernacional.com\/index.php?rest_route=\/wp\/v2\/posts\/8946","targetHints":{"allow":["GET"]}}],"collection":[{"href":"https:\/\/podernacional.com\/index.php?rest_route=\/wp\/v2\/posts"}],"about":[{"href":"https:\/\/podernacional.com\/index.php?rest_route=\/wp\/v2\/types\/post"}],"author":[{"embeddable":true,"href":"https:\/\/podernacional.com\/index.php?rest_route=\/wp\/v2\/users\/1"}],"replies":[{"embeddable":true,"href":"https:\/\/podernacional.com\/index.php?rest_route=%2Fwp%2Fv2%2Fcomments&post=8946"}],"version-history":[{"count":1,"href":"https:\/\/podernacional.com\/index.php?rest_route=\/wp\/v2\/posts\/8946\/revisions"}],"predecessor-version":[{"id":8947,"href":"https:\/\/podernacional.com\/index.php?rest_route=\/wp\/v2\/posts\/8946\/revisions\/8947"}],"wp:featuredmedia":[{"embeddable":true,"href":"https:\/\/podernacional.com\/index.php?rest_route=\/wp\/v2\/media\/8948"}],"wp:attachment":[{"href":"https:\/\/podernacional.com\/index.php?rest_route=%2Fwp%2Fv2%2Fmedia&parent=8946"}],"wp:term":[{"taxonomy":"category","embeddable":true,"href":"https:\/\/podernacional.com\/index.php?rest_route=%2Fwp%2Fv2%2Fcategories&post=8946"},{"taxonomy":"post_tag","embeddable":true,"href":"https:\/\/podernacional.com\/index.php?rest_route=%2Fwp%2Fv2%2Ftags&post=8946"}],"curies":[{"name":"wp","href":"https:\/\/api.w.org\/{rel}","templated":true}]}}