{"id":8952,"date":"2022-09-08T19:30:45","date_gmt":"2022-09-09T00:30:45","guid":{"rendered":"https:\/\/podernacional.com\/?p=8952"},"modified":"2022-09-09T00:30:47","modified_gmt":"2022-09-09T00:30:47","slug":"quintana-roo-con-logros-importantes-en-justicia-para-las-mujeres-carlos-joaquin","status":"publish","type":"post","link":"https:\/\/podernacional.com\/?p=8952","title":{"rendered":"Quintana Roo, con logros importantes en justicia para las mujeres: Carlos Joaqu\u00edn"},"content":{"rendered":"<h4>As\u00ed como en impartici\u00f3n de justicia y seguridad p\u00fablica.<\/h4>\n<p>Justicia para las mujeres: Quintana Roo, con logros en justicia para las mujeres- Carlos Joaqui\u0301n<\/p>\n<p>En el segundo programa especial de Caminando Juntos, el gobernador Carlos Joaqu\u00edn habl\u00f3 de los temas de justicia para las mujeres.<\/p>\n<p>As\u00ed como de\u00a0acciones que se han realizado en torno a seguridad en Quintana Roo, as\u00ed como las acciones de la Secretar\u00eda de Gobierno.<\/p>\n<p>El titular del Ejecutivo precis\u00f3 que la creaci\u00f3n de Fiscal\u00edas Especializadas, que a veces se conoce poco.<\/p>\n<p>Pero que la realidad es que tienen como principal funci\u00f3n resolver cada uno de los diferentes casos que se dan.<\/p>\n<p>Ademas de\u00a0que requieren de atenci\u00f3n especial, de dar resultados y hacer que pague quien haga o cometa un delito.<\/p>\n<p>Presente en el programa, el fiscal \u00d3scar Montes de Oca dio a conocer que el 22 de septiembre.<\/p>\n<p>Por ende,\u00a0se tendr\u00e1n los avances de la construcci\u00f3n del Centro de Justicia para Mujeres que se edifica en Solidaridad.<\/p>\n<p>El cual es un municipio que tiene alerta de g\u00e9nero y que constituye un indicador que se est\u00e1 cumpliendo lo ordenado.<\/p>\n<p>El gobernador de Quintana Roo precis\u00f3 que es importante evitar y eliminar las desigualdades.<\/p>\n<h4>Ya que ademas\u00a0hay que apoyar a las mujeres quintanarroenses, en lograr mayor igualdad, en que tengan m\u00e1s oportunidades de desarrollo.<\/h4>\n<p>As\u00ed como\u00a0de educaci\u00f3n, de crecimiento y eso pues fue un compromiso lo es y lo seguir\u00e1 siendo.<\/p>\n<p>\u21d2 Los programas especiales de Caminando Juntos informan a la gente de los resultados obtenidos a lo largo de seis a\u00f1os.<\/p>\n<p>Luego\u00a0de su administraci\u00f3n en los diferentes temas en beneficio de la gente.<\/p>\n<p>El fiscal estatal destac\u00f3 la creaci\u00f3n de comit\u00e9s de procuraci\u00f3n de justicia en las comunidades lejanas.<\/p>\n<p>En donde se atienden siete violencias de g\u00e9nero y se informa a las mujeres c\u00f3mo pueden denunciar.<\/p>\n<p>Resalt\u00f3 los servicios de la Fiscal\u00eda desde una l\u00ednea de WhatsApp y el Ministerio P\u00fablico M\u00f3vil.<\/p>\n<p>Se record\u00f3 que, con la Universidad Aut\u00f3noma de Quintana Roo, se firm\u00f3 un convenio para hacer una investigaci\u00f3n:<\/p>\n<p>Sociol\u00f3gica, cultural, econ\u00f3mica y de todo el contexto de la violencia de g\u00e9nero.<\/p>\n<p>Por su parte, la titular de la Fiscal\u00eda Especializada de Delitos contra la Mujer y Razones de G\u00e9nero, Reyna Gabriela Pasar\u00f3n Romero.<\/p>\n<p>Ademas que indic\u00f3 que uno de los retos es cero impunidad a los delitos de este tipo.<\/p>\n<p>Desde 2019, en que se crea esta Fiscal\u00eda Especializada, al d\u00eda de hoy se ha podido incrementar la resoluci\u00f3n de casos al 400%.<\/p>\n","protected":false},"excerpt":{"rendered":"<p>As\u00ed como en impartici\u00f3n de justicia y seguridad p\u00fablica. Justicia para las mujeres: Quintana Roo, con logros en justicia para las mujeres- Carlos Joaqui\u0301n En el segundo programa especial de Caminando Juntos, el gobernador Carlos Joaqu\u00edn habl\u00f3 de los temas de justicia para las mujeres. As\u00ed como de\u00a0acciones que se han realizado en torno a [&hellip;]<\/p>\n","protected":false},"author":1,"featured_media":8954,"comment_status":"open","ping_status":"closed","sticky":false,"template":"","format":"standard","meta":{"footnotes":""},"categories":[9,10],"tags":[],"class_list":["post-8952","post","type-post","status-publish","format-standard","has-post-thumbnail","hentry","category-politica","category-quintana-roo"],"_links":{"self":[{"href":"https:\/\/podernacional.com\/index.php?rest_route=\/wp\/v2\/posts\/8952","targetHints":{"allow":["GET"]}}],"collection":[{"href":"https:\/\/podernacional.com\/index.php?rest_route=\/wp\/v2\/posts"}],"about":[{"href":"https:\/\/podernacional.com\/index.php?rest_route=\/wp\/v2\/types\/post"}],"author":[{"embeddable":true,"href":"https:\/\/podernacional.com\/index.php?rest_route=\/wp\/v2\/users\/1"}],"replies":[{"embeddable":true,"href":"https:\/\/podernacional.com\/index.php?rest_route=%2Fwp%2Fv2%2Fcomments&post=8952"}],"version-history":[{"count":1,"href":"https:\/\/podernacional.com\/index.php?rest_route=\/wp\/v2\/posts\/8952\/revisions"}],"predecessor-version":[{"id":8953,"href":"https:\/\/podernacional.com\/index.php?rest_route=\/wp\/v2\/posts\/8952\/revisions\/8953"}],"wp:featuredmedia":[{"embeddable":true,"href":"https:\/\/podernacional.com\/index.php?rest_route=\/wp\/v2\/media\/8954"}],"wp:attachment":[{"href":"https:\/\/podernacional.com\/index.php?rest_route=%2Fwp%2Fv2%2Fmedia&parent=8952"}],"wp:term":[{"taxonomy":"category","embeddable":true,"href":"https:\/\/podernacional.com\/index.php?rest_route=%2Fwp%2Fv2%2Fcategories&post=8952"},{"taxonomy":"post_tag","embeddable":true,"href":"https:\/\/podernacional.com\/index.php?rest_route=%2Fwp%2Fv2%2Ftags&post=8952"}],"curies":[{"name":"wp","href":"https:\/\/api.w.org\/{rel}","templated":true}]}}