{"id":8958,"date":"2022-09-09T21:34:17","date_gmt":"2022-09-10T02:34:17","guid":{"rendered":"https:\/\/podernacional.com\/?p=8958"},"modified":"2022-09-10T02:34:18","modified_gmt":"2022-09-10T02:34:18","slug":"el-festival-de-los-cabos-y-sensacine-mexico-te-invitan-al-6to-concurso-de-critica-cinematografica","status":"publish","type":"post","link":"https:\/\/podernacional.com\/?p=8958","title":{"rendered":"El Festival de Los Cabos y Sensacine M\u00e9xico te invitan al 6to Concurso de Cr\u00edtica Cinematogr\u00e1fica"},"content":{"rendered":"<h4>Si lo tuyo es compartir tu opini\u00f3n sobre cine.<\/h4>\n<p>Festival de Los Cabos y Sensacine: Ademas que te gustar\u00eda viajar hasta los Cabos para recibir recibir asesor\u00eda de algunos de los cr\u00edticos m\u00e1s reconocidos del pa\u00eds.<\/p>\n<p>Esta convocatoria esa para ti.<\/p>\n<p>En su d\u00e9cimo primer aniversario, el Festival Internacional de Cine de Los Cabos contin\u00faa con su compromiso para difundir la cultura cinematogr\u00e1fica en el pa\u00eds.<\/p>\n<p>Ademas\u00a0como uno de los puentes entre los cin\u00e9filos y los m\u00e1s grandes representantes de la industria cinematogr\u00e1fica.<\/p>\n<p>As\u00ed como que\u00a0vuelve con uno de los proyectos cl\u00e1sicos del ciclo del festival, estamos hablando del Concurso de Cr\u00edtica Cinematogr\u00e1fica.<\/p>\n<h4>Durante su sexta edici\u00f3n, el concurso busca que sus participantes compartan su propia visi\u00f3n a trav\u00e9s de la cr\u00edtica cinematogr\u00e1fica.<\/h4>\n<p>Ademas que con la intensi\u00f3n de que puedan conseguir tutor\u00edas especializadas con algunos de los cr\u00edticos de cine m\u00e1s reconocidos de M\u00e9xico.<\/p>\n<p>As\u00ed como de estar\u00a0incluyendo la editora de Sensacine M\u00e9xico Cristina Ib\u00e1\u00f1ez.<\/p>\n<p>El Festival Internacional de Cine de los Cabos del 9 al 13 de noviembre de 2022.<\/p>\n<p>En esta ocasi\u00f3n, los autores de diez de los mejores trabajos ser\u00e1n invitados a ser parte de una serie de mentor\u00edas en l\u00ednea.<\/p>\n<p>Ademas que enfocadas en la cr\u00edtica cinematogr\u00e1fica y su relevancia durante los \u00faltimos a\u00f1os en el \u00e1mbito period\u00edstico.<\/p>\n<p>Todo con el fin de trabajar en una segunda cr\u00edtica con la que se seleccionar\u00e1 al ganador que podr\u00e1 viajar.<\/p>\n<p>As\u00ed para vivir la experiencia de #LosCabos11. Festival de Los Cabos y Sensacine<\/p>\n<h4>La convocatoria estar\u00e1 vigente del jueves 8 septiembre al 7 octubre de 2022 y para participar debes de cumplir con los siguientes puntos:<\/h4>\n<p>-Ser mexicano<\/p>\n<p>-Elaborar un texto cr\u00edtico sobre cualquier pel\u00edcula mexicana o internacional que haya sido estrenada durante 2022 (cartelera comercial, festivales de cine y\/o streaming).<\/p>\n<p>-El texto debe medir entre 3,000 y 4,000 caracteres con espacios<\/p>\n<p>&#8211; Enviar tu texto en formato PDF a trav\u00e9s del formulario<\/p>\n<p>-En el cuerpo del texto deber\u00e1s se\u00f1alar el t\u00edtulo de la cr\u00edtica, el nombre de la producci\u00f3n, tu nombre completo.<\/p>\n<p>Adem\u00e1s de direcci\u00f3n de correo electr\u00f3nico, tel\u00e9fono celular y direcci\u00f3n f\u00edsica.<\/p>\n<p>Recordemos esta foto de nuestro 3er Concurso de Cr\u00edtica Cinematogr\u00e1fica en #LosCabos8<\/p>\n<p>El Festival Internacional de Cine de Los Cabos, el cual este a\u00f1o celebrar\u00e1 del 9 al 13 de noviembre.<\/p>\n<p>La cual\u00a0contin\u00faa incentivando a los cin\u00e9filos a realizar una reflexi\u00f3n cr\u00edtica del significado que tiene la cinematograf\u00eda en el panorama actual.<\/p>\n<p>Si buscas m\u00e1s informaci\u00f3n del festival o del 6to Concurso de Cr\u00edtica Cinematogr\u00e1fica, entra en la p\u00e1gina oficial<\/p>\n","protected":false},"excerpt":{"rendered":"<p>Si lo tuyo es compartir tu opini\u00f3n sobre cine. Festival de Los Cabos y Sensacine: Ademas que te gustar\u00eda viajar hasta los Cabos para recibir recibir asesor\u00eda de algunos de los cr\u00edticos m\u00e1s reconocidos del pa\u00eds. Esta convocatoria esa para ti. En su d\u00e9cimo primer aniversario, el Festival Internacional de Cine de Los Cabos contin\u00faa [&hellip;]<\/p>\n","protected":false},"author":1,"featured_media":8960,"comment_status":"open","ping_status":"closed","sticky":false,"template":"","format":"standard","meta":{"footnotes":""},"categories":[2,5,7],"tags":[],"class_list":["post-8958","post","type-post","status-publish","format-standard","has-post-thumbnail","hentry","category-cultural","category-internacional","category-nacional"],"_links":{"self":[{"href":"https:\/\/podernacional.com\/index.php?rest_route=\/wp\/v2\/posts\/8958","targetHints":{"allow":["GET"]}}],"collection":[{"href":"https:\/\/podernacional.com\/index.php?rest_route=\/wp\/v2\/posts"}],"about":[{"href":"https:\/\/podernacional.com\/index.php?rest_route=\/wp\/v2\/types\/post"}],"author":[{"embeddable":true,"href":"https:\/\/podernacional.com\/index.php?rest_route=\/wp\/v2\/users\/1"}],"replies":[{"embeddable":true,"href":"https:\/\/podernacional.com\/index.php?rest_route=%2Fwp%2Fv2%2Fcomments&post=8958"}],"version-history":[{"count":1,"href":"https:\/\/podernacional.com\/index.php?rest_route=\/wp\/v2\/posts\/8958\/revisions"}],"predecessor-version":[{"id":8959,"href":"https:\/\/podernacional.com\/index.php?rest_route=\/wp\/v2\/posts\/8958\/revisions\/8959"}],"wp:featuredmedia":[{"embeddable":true,"href":"https:\/\/podernacional.com\/index.php?rest_route=\/wp\/v2\/media\/8960"}],"wp:attachment":[{"href":"https:\/\/podernacional.com\/index.php?rest_route=%2Fwp%2Fv2%2Fmedia&parent=8958"}],"wp:term":[{"taxonomy":"category","embeddable":true,"href":"https:\/\/podernacional.com\/index.php?rest_route=%2Fwp%2Fv2%2Fcategories&post=8958"},{"taxonomy":"post_tag","embeddable":true,"href":"https:\/\/podernacional.com\/index.php?rest_route=%2Fwp%2Fv2%2Ftags&post=8958"}],"curies":[{"name":"wp","href":"https:\/\/api.w.org\/{rel}","templated":true}]}}