{"id":8961,"date":"2022-09-09T21:46:21","date_gmt":"2022-09-10T02:46:21","guid":{"rendered":"https:\/\/podernacional.com\/?p=8961"},"modified":"2022-09-10T02:46:22","modified_gmt":"2022-09-10T02:46:22","slug":"inicia-encuentro-nacional-de-juegos-y-deportes-autoctonos-en-sonora","status":"publish","type":"post","link":"https:\/\/podernacional.com\/?p=8961","title":{"rendered":"Inicia Encuentro Nacional de Juegos y Deportes Aut\u00f3ctonos en Sonora"},"content":{"rendered":"<h4>La vig\u00e9sima tercera edici\u00f3n del evento arranc\u00f3 con la competencia de destreza mental en la Unidad Deportiva del Noroeste<\/h4>\n<p>Encuentro Nacional de Juegos y Deportes: Comenz\u00f3 la vig\u00e9sima tercera edici\u00f3n del Encuentro Nacional de Juegos y Deportes Aut\u00f3ctonos y Tradicionales.<\/p>\n<p>Ademas que las\u00a0cuales\u00a0por primera vez en su historia se realiza en Sonora.<\/p>\n<p>As\u00ed como que siendo la capital Hermosillo la cual recibe a los casi 450 participantes.<\/p>\n<p>Los juegos iniciaron con la competencia de destreza mental en la Unidad Deportiva del Noroeste.<\/p>\n<p>Ademas que, donde el director general de la Codeson, Erubiel Durazo, acompa\u00f1\u00f3 a la presidente de la Federaci\u00f3n Mexicana de Juegos.<\/p>\n<p>As\u00ed como de los Deportes Aut\u00f3ctonos y Tradicionales (Fmjdat), Ana Collado.<\/p>\n<p>As\u00ed como quienes dieron el banderazo de salida en el Pabell\u00f3n de Pelota junto a 120 competidores.<\/p>\n<h4>Son un total de\u00a0cuatro actividades las cuales se pusieron en marcha: pitarra, chilillo, tembi-jumui y romay\u00e1.<\/h4>\n<p>Cabe se\u00f1alar que chilillo y romay\u00e1, son parte de lows juegos de destreza y estos son originarios de Chihuahua.<\/p>\n<p>Mientas que la pitarra proviene de Quer\u00e9taro y el tembi-jumui de Michoac\u00e1n.<\/p>\n<p>As\u00ed lo dio a conocer Eduardo Peralta, quien es parte del cuerpo t\u00e9cnico del comit\u00e9 organizador.<\/p>\n<p>Las competencias se desarrollaran hasta el d\u00eda viernes con jornadas de 10:00 a 13:00 horas.<\/p>\n<p>Mientras que el s\u00e1bado ser\u00e1n de 9:00 a 13:00 horas, siendo para las semifinales y finales.<\/p>\n<h4>Gran inauguraci\u00f3n<\/h4>\n<p>La inauguraci\u00f3n oficial se vivi\u00f3 en la Plaza Alonso Vidal en punto de las 19:00 horas.<\/p>\n<p>Ademas que\u00a0donde las autoridades dieron por oficializado el evento que se desarrollar\u00e1 hasta el d\u00eda domingo.<\/p>\n<p>As\u00ed como\u00a0combina el deporte, la cultura y tradici\u00f3n de 14 etnias mexicanas.<\/p>\n<p>En el lugar se dieron cita los representantes de:<\/p>\n<p>Campeche, Chiapas, Chihuahua, Ciudad de M\u00e9xico, Colima, Guerrero, Michoac\u00e1n y Nuevo Le\u00f3n, adem\u00e1s de Oaxaca, Puebla, Quer\u00e9taro.<\/p>\n<p>Ademas que de Tlaxcala, Veracruz y el anfitri\u00f3n Sonora, todos ellos portando atuendos cl\u00e1sicos de sus costumbres ind\u00edgenas.<\/p>\n<p>Se realizaron honores al l\u00e1baro patrio por parte de la Escolta.<\/p>\n<p>As\u00ed como de Banda de Guerra del 24 batall\u00f3n de infanter\u00eda perteneciente a la Cuarta Zona Militar.<\/p>\n","protected":false},"excerpt":{"rendered":"<p>La vig\u00e9sima tercera edici\u00f3n del evento arranc\u00f3 con la competencia de destreza mental en la Unidad Deportiva del Noroeste Encuentro Nacional de Juegos y Deportes: Comenz\u00f3 la vig\u00e9sima tercera edici\u00f3n del Encuentro Nacional de Juegos y Deportes Aut\u00f3ctonos y Tradicionales. Ademas que las\u00a0cuales\u00a0por primera vez en su historia se realiza en Sonora. As\u00ed como que [&hellip;]<\/p>\n","protected":false},"author":1,"featured_media":8963,"comment_status":"open","ping_status":"closed","sticky":false,"template":"","format":"standard","meta":{"footnotes":""},"categories":[3,5,7],"tags":[],"class_list":["post-8961","post","type-post","status-publish","format-standard","has-post-thumbnail","hentry","category-deportes","category-internacional","category-nacional"],"_links":{"self":[{"href":"https:\/\/podernacional.com\/index.php?rest_route=\/wp\/v2\/posts\/8961","targetHints":{"allow":["GET"]}}],"collection":[{"href":"https:\/\/podernacional.com\/index.php?rest_route=\/wp\/v2\/posts"}],"about":[{"href":"https:\/\/podernacional.com\/index.php?rest_route=\/wp\/v2\/types\/post"}],"author":[{"embeddable":true,"href":"https:\/\/podernacional.com\/index.php?rest_route=\/wp\/v2\/users\/1"}],"replies":[{"embeddable":true,"href":"https:\/\/podernacional.com\/index.php?rest_route=%2Fwp%2Fv2%2Fcomments&post=8961"}],"version-history":[{"count":1,"href":"https:\/\/podernacional.com\/index.php?rest_route=\/wp\/v2\/posts\/8961\/revisions"}],"predecessor-version":[{"id":8962,"href":"https:\/\/podernacional.com\/index.php?rest_route=\/wp\/v2\/posts\/8961\/revisions\/8962"}],"wp:featuredmedia":[{"embeddable":true,"href":"https:\/\/podernacional.com\/index.php?rest_route=\/wp\/v2\/media\/8963"}],"wp:attachment":[{"href":"https:\/\/podernacional.com\/index.php?rest_route=%2Fwp%2Fv2%2Fmedia&parent=8961"}],"wp:term":[{"taxonomy":"category","embeddable":true,"href":"https:\/\/podernacional.com\/index.php?rest_route=%2Fwp%2Fv2%2Fcategories&post=8961"},{"taxonomy":"post_tag","embeddable":true,"href":"https:\/\/podernacional.com\/index.php?rest_route=%2Fwp%2Fv2%2Ftags&post=8961"}],"curies":[{"name":"wp","href":"https:\/\/api.w.org\/{rel}","templated":true}]}}