{"id":8964,"date":"2022-09-09T21:49:53","date_gmt":"2022-09-10T02:49:53","guid":{"rendered":"https:\/\/podernacional.com\/?p=8964"},"modified":"2022-09-10T02:49:54","modified_gmt":"2022-09-10T02:49:54","slug":"pati-chapoy-cual-es-el-grado-de-estudios-de-la-periodista-de-espectaculos","status":"publish","type":"post","link":"https:\/\/podernacional.com\/?p=8964","title":{"rendered":"Pati Chapoy: \u00bfCu\u00e1l es el grado de estudios de la periodista de espect\u00e1culos?"},"content":{"rendered":"<h4>Ella comenz\u00f3 a trabajar al mismo tiempo que estudiaba.<\/h4>\n<p>Pati Chapoy es la periodista de espect\u00e1culos m\u00e1s importantes de nuestro pa\u00eds y un referente en la materia para Hispanoam\u00e9rica.<\/p>\n<p>Ademas que\u00a0lo anterior como consecuencia de su amplia trayectoria.<\/p>\n<p>Adem\u00e1s, se ostenta como una de la conductoras de televisi\u00f3n m\u00e1s reconocidas y queridas por el p\u00fablico.<\/p>\n<p>As\u00ed como que\u00a0pues tras m\u00e1s de 26 a\u00f1os al frente de la emisi\u00f3n \u2018Ventaneando\u2019, se ha ganado el cari\u00f1o de los televidentes.<\/p>\n<p>Aunque su labor implica la cr\u00edtica y opini\u00f3n del mundo del espect\u00e1culo, su vida privada en la mayor\u00eda de las ocasiones se mantiene como tal.<\/p>\n<p>Esto\u00a0convirti\u00e9ndola en un personaje enigm\u00e1tico cuyos sucesos personales causan intriga.<\/p>\n<h4>Tras su salida de Televisa y luego de haber colaborando junto al personaje televisivo m\u00e1s influyente del siglo pasado, Ra\u00fal Velasco.<\/h4>\n<p>Por ende, Pati lleg\u00f3 a la reci\u00e9n nacida empresa TV Azteca, encabezada por Ricardo Salinas Pliego.<\/p>\n<p>En esta nueva televisora alcanz\u00f3 gran poder, posicion\u00e1ndose como una pieza clave para su funcionamiento.<\/p>\n<p>Por eso resulta interesante saber qu\u00e9 grado de estudios tiene quien ha sido parte en m\u00faltiples ocasiones de los 300 l\u00edderes de M\u00e9xico.<\/p>\n<p>Patricia Chapoy Acevedo naci\u00f3 el 19 de junio de 1949 en la Ciudad de M\u00e9xico y radic\u00f3 en Cuernavaca, Morelos.<\/p>\n<p>Durante su infancia se mud\u00f3 constantemente junto a sus padres hasta que se asent\u00f3 definitivamente en la capital.<\/p>\n<p>\u00bfQu\u00e9 grado de estudios tiene Pati Chapoy?<\/p>\n<p>Pati Chapoy es licenciada en periodismo por la Escuela Carlos Septi\u00e9n Garc\u00eda, la primera consagrada para la ense\u00f1anza de esta profesi\u00f3n.<\/p>\n<p>A la par que estudiaba, Chapoy comenz\u00f3 su vida laboral en un despacho de economistas perteneciente a sus primos hermanos.<\/p>\n<p>Lugar donde se desempe\u00f1\u00f3 como \u201coffice boy\u201d.<\/p>\n<p>Es decir, era la encargada de entregar la documentaci\u00f3n entre sedes, esperar sellos, realizar pagos en bancos, etc.<\/p>\n","protected":false},"excerpt":{"rendered":"<p>Ella comenz\u00f3 a trabajar al mismo tiempo que estudiaba. Pati Chapoy es la periodista de espect\u00e1culos m\u00e1s importantes de nuestro pa\u00eds y un referente en la materia para Hispanoam\u00e9rica. Ademas que\u00a0lo anterior como consecuencia de su amplia trayectoria. Adem\u00e1s, se ostenta como una de la conductoras de televisi\u00f3n m\u00e1s reconocidas y queridas por el p\u00fablico. [&hellip;]<\/p>\n","protected":false},"author":1,"featured_media":8966,"comment_status":"open","ping_status":"closed","sticky":false,"template":"","format":"standard","meta":{"footnotes":""},"categories":[4,5],"tags":[],"class_list":["post-8964","post","type-post","status-publish","format-standard","has-post-thumbnail","hentry","category-espectaculos","category-internacional"],"_links":{"self":[{"href":"https:\/\/podernacional.com\/index.php?rest_route=\/wp\/v2\/posts\/8964","targetHints":{"allow":["GET"]}}],"collection":[{"href":"https:\/\/podernacional.com\/index.php?rest_route=\/wp\/v2\/posts"}],"about":[{"href":"https:\/\/podernacional.com\/index.php?rest_route=\/wp\/v2\/types\/post"}],"author":[{"embeddable":true,"href":"https:\/\/podernacional.com\/index.php?rest_route=\/wp\/v2\/users\/1"}],"replies":[{"embeddable":true,"href":"https:\/\/podernacional.com\/index.php?rest_route=%2Fwp%2Fv2%2Fcomments&post=8964"}],"version-history":[{"count":1,"href":"https:\/\/podernacional.com\/index.php?rest_route=\/wp\/v2\/posts\/8964\/revisions"}],"predecessor-version":[{"id":8965,"href":"https:\/\/podernacional.com\/index.php?rest_route=\/wp\/v2\/posts\/8964\/revisions\/8965"}],"wp:featuredmedia":[{"embeddable":true,"href":"https:\/\/podernacional.com\/index.php?rest_route=\/wp\/v2\/media\/8966"}],"wp:attachment":[{"href":"https:\/\/podernacional.com\/index.php?rest_route=%2Fwp%2Fv2%2Fmedia&parent=8964"}],"wp:term":[{"taxonomy":"category","embeddable":true,"href":"https:\/\/podernacional.com\/index.php?rest_route=%2Fwp%2Fv2%2Fcategories&post=8964"},{"taxonomy":"post_tag","embeddable":true,"href":"https:\/\/podernacional.com\/index.php?rest_route=%2Fwp%2Fv2%2Ftags&post=8964"}],"curies":[{"name":"wp","href":"https:\/\/api.w.org\/{rel}","templated":true}]}}