{"id":8967,"date":"2022-09-09T21:55:19","date_gmt":"2022-09-10T02:55:19","guid":{"rendered":"https:\/\/podernacional.com\/?p=8967"},"modified":"2022-09-10T02:55:20","modified_gmt":"2022-09-10T02:55:20","slug":"entrego-estado-mas-de-mil-500-becas-economicas-y-de-movilidad-internacional","status":"publish","type":"post","link":"https:\/\/podernacional.com\/?p=8967","title":{"rendered":"Entreg\u00f3 Estado m\u00e1s de mil 500 becas econ\u00f3micas y de movilidad internacional"},"content":{"rendered":"<h4>-Inversi\u00f3n de 5.4 mdp en apoyos econ\u00f3micos para el nivel Secundaria, as\u00ed como becas universitarias, de movilidad internacional y al m\u00e9rito acad\u00e9mico<\/h4>\n<p>Becas econ\u00f3micas: La Secretar\u00eda de Educaci\u00f3n y Deporte (SEyD), a trav\u00e9s del Departamento de Asistencia Educativa.<\/p>\n<p>Ademas que\u00a0llev\u00f3 a cabo la entrega de apoyos econ\u00f3micos para alumnas y alumnos de Secundaria.<\/p>\n<p>As\u00ed como becas universitarias, de movilidad internacional y al m\u00e9rito acad\u00e9mico.<\/p>\n<p>El evento se realiz\u00f3 en las instalaciones del Auditorio B de la Unidad Administrativa de Gobierno del Estado \u201cJos\u00e9 Mar\u00eda Morelos y Pav\u00f3n\u201d.<\/p>\n<p>Esto en (Pueblito Mexicano) en Ciudad Ju\u00e1rez, con la asistencia de estudiantes, padres de familia, docentes y autoridades educativas.<\/p>\n<p>El monto invertido en dichas becas asciende a un total de 5 millones 447 mil pesos, distribuido de la siguiente manera:<\/p>\n<p>As\u00ed como que mil 083 becas econ\u00f3micas por un monto de 1 mill\u00f3n 624 mil pesos para el nivel Secundaria.<\/p>\n<h4>As\u00ed como que 378 becas universitarias por un 1 mill\u00f3n 134 mil pesos.<\/h4>\n<p>Adem\u00e1s de 47 becas de movilidad internacional con una inversi\u00f3n de 2 millones 290 mil pesos.<\/p>\n<p>Ademas de\u00a0una beca al m\u00e9rito acad\u00e9mico por 398 mil 636 pesos.<\/p>\n<p>Mencionan que\u00a0a un estudiante de Ciudad Ju\u00e1rez que ingresar\u00e1 a la Universidad de Texas en El Paso (UTEP).<\/p>\n<p>\u201cLa verdad es que nos sentimos muy apoyados por la gobernadora Maru Campos Galv\u00e1n y por el secretario de Educaci\u00f3n y Deporte, Javier Gonz\u00e1lez Mocken\u201d.<\/p>\n<p>\u201cPorque estos recursos nos llegan en tiempo y forma para poder hacer frente a las necesidades de todos estos alumnos\u201d.<\/p>\n<p>Esto,\u00a0expres\u00f3 el subsecretario de Educaci\u00f3n en la Zona Norte, Maurilio Fuentes Estrada.<\/p>\n<p>A su vez, Oscar Ib\u00e1\u00f1ez Hern\u00e1ndez, representante de la Gobernadora en Ju\u00e1rez.<\/p>\n<p>Esto lo\u00a0exterioriz\u00f3 su felicitaci\u00f3n a las y los acreedores a estas becas, las cuales ser\u00e1n de gran apoyo para la continuaci\u00f3n de sus estudios.<\/p>\n<p>\u201cPara los ganadores de becas de movilidad internacional es una experiencia muy enriquecedora pues tendr\u00e1n la oportunidad de estar en otros pa\u00edses\u201d.<\/p>\n<p>\u201cMientras que para los alumnos de Secundaria una beca representa un est\u00edmulo y un reconocimiento a su esfuerzo\u201d, asever\u00f3 el funcionario.<\/p>\n","protected":false},"excerpt":{"rendered":"<p>-Inversi\u00f3n de 5.4 mdp en apoyos econ\u00f3micos para el nivel Secundaria, as\u00ed como becas universitarias, de movilidad internacional y al m\u00e9rito acad\u00e9mico Becas econ\u00f3micas: La Secretar\u00eda de Educaci\u00f3n y Deporte (SEyD), a trav\u00e9s del Departamento de Asistencia Educativa. Ademas que\u00a0llev\u00f3 a cabo la entrega de apoyos econ\u00f3micos para alumnas y alumnos de Secundaria. As\u00ed como [&hellip;]<\/p>\n","protected":false},"author":1,"featured_media":8969,"comment_status":"open","ping_status":"closed","sticky":false,"template":"","format":"standard","meta":{"footnotes":""},"categories":[5,9],"tags":[],"class_list":["post-8967","post","type-post","status-publish","format-standard","has-post-thumbnail","hentry","category-internacional","category-politica"],"_links":{"self":[{"href":"https:\/\/podernacional.com\/index.php?rest_route=\/wp\/v2\/posts\/8967","targetHints":{"allow":["GET"]}}],"collection":[{"href":"https:\/\/podernacional.com\/index.php?rest_route=\/wp\/v2\/posts"}],"about":[{"href":"https:\/\/podernacional.com\/index.php?rest_route=\/wp\/v2\/types\/post"}],"author":[{"embeddable":true,"href":"https:\/\/podernacional.com\/index.php?rest_route=\/wp\/v2\/users\/1"}],"replies":[{"embeddable":true,"href":"https:\/\/podernacional.com\/index.php?rest_route=%2Fwp%2Fv2%2Fcomments&post=8967"}],"version-history":[{"count":1,"href":"https:\/\/podernacional.com\/index.php?rest_route=\/wp\/v2\/posts\/8967\/revisions"}],"predecessor-version":[{"id":8968,"href":"https:\/\/podernacional.com\/index.php?rest_route=\/wp\/v2\/posts\/8967\/revisions\/8968"}],"wp:featuredmedia":[{"embeddable":true,"href":"https:\/\/podernacional.com\/index.php?rest_route=\/wp\/v2\/media\/8969"}],"wp:attachment":[{"href":"https:\/\/podernacional.com\/index.php?rest_route=%2Fwp%2Fv2%2Fmedia&parent=8967"}],"wp:term":[{"taxonomy":"category","embeddable":true,"href":"https:\/\/podernacional.com\/index.php?rest_route=%2Fwp%2Fv2%2Fcategories&post=8967"},{"taxonomy":"post_tag","embeddable":true,"href":"https:\/\/podernacional.com\/index.php?rest_route=%2Fwp%2Fv2%2Ftags&post=8967"}],"curies":[{"name":"wp","href":"https:\/\/api.w.org\/{rel}","templated":true}]}}