{"id":8976,"date":"2022-09-12T21:31:11","date_gmt":"2022-09-13T02:31:11","guid":{"rendered":"https:\/\/podernacional.com\/?p=8976"},"modified":"2022-09-13T02:31:12","modified_gmt":"2022-09-13T02:31:12","slug":"seis-espectaculos-de-clowns-llegan-a-leon-esta-semana","status":"publish","type":"post","link":"https:\/\/podernacional.com\/?p=8976","title":{"rendered":"Seis espect\u00e1culos de &#8216;clowns&#8217; llegan a Le\u00f3n esta semana"},"content":{"rendered":"<h4>Los espect\u00e1culos se desarrollar\u00e1n en distintos puntos de Le\u00f3n entre el 16 y el 18 de septiembre.<\/h4>\n<p>Espect\u00e1culos de &#8216;clowns&#8217;: La ciudad de Le\u00f3n acoge los d\u00edas 16,17 y 18 el ciclo &#8216;Clowns en el Camino&#8217; con seis actuaciones en distintas zonas de la ciudad.<\/p>\n<p>Esta propuesta cultural se enmarca dentro de la programaci\u00f3n del III Festival de verano Cuna del Parlamentarismo de la Concejal\u00eda de Acci\u00f3n.<\/p>\n<p>As\u00ed como de Promoci\u00f3n Cultural del Ayuntamiento de Le\u00f3n, (Espect\u00e1culos de &#8216;clowns&#8217;).<\/p>\n<p>El viernes, 16 de septiembre, el espect\u00e1culo &#8216;Papahuevo&#8217;, de Vagamund\u00a0 \u00a0os Teatro.<\/p>\n<p>Ademas que ser\u00e1 el encargado de abrir el ciclo a las 18.00 en el <a href=\"https:\/\/mapcarta.com\/es\/W54837722\">Parque Dos hermanas de zona de la Chantr\u00eda.<\/a><\/p>\n<p>Se trata de una puesta en escena en la que la m\u00fasica y el baile ser\u00e1n los ingredientes.<\/p>\n<p>Ese mismo d\u00eda, a las 20.00 horas, el p\u00fablico tiene una cita con &#8216;A cuerda&#8217; en el Pol\u00edgono X\/ Dos Fuentes.<\/p>\n<h4>A Vela Circo propone un circo del absurdo, del caos y de la poes\u00eda de nuestros tiempos.<\/h4>\n<p>Las risas ser\u00e1n en la jornada del s\u00e1bado 17 de septiembre en la Plaza de Santo Martino, a las 18.00 horas, con &#8216;Maestre Fufo&#8217;.<\/p>\n<p>Ademas de la compa\u00f1\u00eda Fin Fan Fon, un espect\u00e1culo circense con dramaturgia teatral con un payaso y m\u00fasica en vivo.<\/p>\n<p>En el Paseo Quintanilla de La Palomera, a las 20.00 horas, se puede ver &#8216;Cantaclown&#8217;, de Alicia Sanz.<\/p>\n<p>As\u00ed como de Canciones, narraciones breves, mu\u00f1ecos, instrumentos musicales y una peque\u00f1a silla servir\u00e1n de marco para que Alicia Maravillas.<\/p>\n<p>La cual\u00a0de rienda suelta a sus m\u00e1s sencillas y tiernas payasadas.<\/p>\n<p>El broche de oro, &#8216;Superharte&#8217;, de la compa\u00f1\u00eda Patty Diphusa, es la opci\u00f3n propuesta para el domingo 18 de septiembre.<\/p>\n<h4>Esto\u00a0en el Agora de San Marcos.<\/h4>\n<p>Un espect\u00e1culo con un mensaje de empoderamiento para el p\u00fablico: vencer el miedo y capaz de hacer lo que parece imposible.<\/p>\n<p>El ciclo finalizar\u00e1 a las 20.00 horas en Ordo\u00f1o II donde los espectadores podr\u00e1n de disfrutar de &#8216;Crescendo&#8217; de Garrapete Espect\u00e1culo.<\/p>\n<p>Dos extravagantes m\u00fasicos ejecutan con precisi\u00f3n piezas musicales muy originales y por momentos po\u00e9ticas.<\/p>\n<p>Ademas que combinan con la locura de los payasos que salen a escena.<\/p>\n","protected":false},"excerpt":{"rendered":"<p>Los espect\u00e1culos se desarrollar\u00e1n en distintos puntos de Le\u00f3n entre el 16 y el 18 de septiembre. Espect\u00e1culos de &#8216;clowns&#8217;: La ciudad de Le\u00f3n acoge los d\u00edas 16,17 y 18 el ciclo &#8216;Clowns en el Camino&#8217; con seis actuaciones en distintas zonas de la ciudad. Esta propuesta cultural se enmarca dentro de la programaci\u00f3n del [&hellip;]<\/p>\n","protected":false},"author":1,"featured_media":8978,"comment_status":"open","ping_status":"closed","sticky":false,"template":"","format":"standard","meta":{"footnotes":""},"categories":[4,5],"tags":[],"class_list":["post-8976","post","type-post","status-publish","format-standard","has-post-thumbnail","hentry","category-espectaculos","category-internacional"],"_links":{"self":[{"href":"https:\/\/podernacional.com\/index.php?rest_route=\/wp\/v2\/posts\/8976","targetHints":{"allow":["GET"]}}],"collection":[{"href":"https:\/\/podernacional.com\/index.php?rest_route=\/wp\/v2\/posts"}],"about":[{"href":"https:\/\/podernacional.com\/index.php?rest_route=\/wp\/v2\/types\/post"}],"author":[{"embeddable":true,"href":"https:\/\/podernacional.com\/index.php?rest_route=\/wp\/v2\/users\/1"}],"replies":[{"embeddable":true,"href":"https:\/\/podernacional.com\/index.php?rest_route=%2Fwp%2Fv2%2Fcomments&post=8976"}],"version-history":[{"count":1,"href":"https:\/\/podernacional.com\/index.php?rest_route=\/wp\/v2\/posts\/8976\/revisions"}],"predecessor-version":[{"id":8977,"href":"https:\/\/podernacional.com\/index.php?rest_route=\/wp\/v2\/posts\/8976\/revisions\/8977"}],"wp:featuredmedia":[{"embeddable":true,"href":"https:\/\/podernacional.com\/index.php?rest_route=\/wp\/v2\/media\/8978"}],"wp:attachment":[{"href":"https:\/\/podernacional.com\/index.php?rest_route=%2Fwp%2Fv2%2Fmedia&parent=8976"}],"wp:term":[{"taxonomy":"category","embeddable":true,"href":"https:\/\/podernacional.com\/index.php?rest_route=%2Fwp%2Fv2%2Fcategories&post=8976"},{"taxonomy":"post_tag","embeddable":true,"href":"https:\/\/podernacional.com\/index.php?rest_route=%2Fwp%2Fv2%2Ftags&post=8976"}],"curies":[{"name":"wp","href":"https:\/\/api.w.org\/{rel}","templated":true}]}}