{"id":8985,"date":"2022-09-12T21:48:49","date_gmt":"2022-09-13T02:48:49","guid":{"rendered":"https:\/\/podernacional.com\/?p=8985"},"modified":"2022-09-13T02:48:50","modified_gmt":"2022-09-13T02:48:50","slug":"reforzaran-estrategia-de-seguridad-en-zacatecas-con-mas-efectivos-del-ejercito-y-guardia-nacional","status":"publish","type":"post","link":"https:\/\/podernacional.com\/?p=8985","title":{"rendered":"Reforzar\u00e1n Estrategia de Seguridad en Zacatecas, con m\u00e1s efectivos del Ej\u00e9rcito y Guardia Nacional"},"content":{"rendered":"<h4>Tras la implementaci\u00f3n del Plan Zacatecas II, han bajado los delitos<\/h4>\n<p>Ej\u00e9rcito y Guardia Nacional: En una semana fueron detenidas 51 personas, se aseguraron 12 veh\u00edculos, cinco armas de fuego.<\/p>\n<p>As\u00ed como de 27 cargadores de diversos calibres, 859 cartuchos \u00fatiles<\/p>\n<p>Durante la primera semana de la FENAZA se reporta saldo blanco<\/p>\n<p>El Secretario de Seguridad P\u00fablica del Gobierno de Zacatecas, General Adolfo Mar\u00edn Mar\u00edn, inform\u00f3.<\/p>\n<p>A tras la visita del Presidente de la Rep\u00fablica, Andr\u00e9s Manuel L\u00f3pez Obrador, se determin\u00f3 el reforzamiento de los cuerpos de seguridad federales.<\/p>\n<p>Se\u00f1al\u00f3 que, luego de que el Presidente manifest\u00f3 su intenci\u00f3n de contemplar a Zacatecas dentro del reforzamiento de la Estrategia de Seguridad.<\/p>\n<p>La cual es a\u00a0la llegada de m\u00e1s efectivos del Ej\u00e9rcito Mexicano y Guardia Nacional podr\u00eda ser una realidad en pr\u00f3ximos d\u00edas.<\/p>\n<h4>Reiter\u00f3 las cifras que refieren que el estado va avanzando en la recuperaci\u00f3n de la paz.<\/h4>\n<p>Pues, tras la implementaci\u00f3n del Plan Zacatecas II, han bajado los delitos.<\/p>\n<p>As\u00ed como que tan s\u00f3lo en el caso de los homicidios dolosos, del 26 de noviembre de 2021 a agosto de 2022.<\/p>\n<p>Ademas que en el municipio de Guadalupe hubo una disminuci\u00f3n de 33 por ciento.<\/p>\n<p>As\u00ed como\u00a0en Fresnillo, disminuy\u00f3 un 64 por ciento y en Zacatecas capital se ha logrado la contenci\u00f3n de este il\u00edcito, al mantenerse sin variaci\u00f3n.<\/p>\n<p>Adem\u00e1s, delitos como secuestro, trata de personas, robo de veh\u00edculos, a transportes, casa-habitaci\u00f3n, as\u00ed como delitos de impacto, van a la baja.<\/p>\n<p>Respecto a la Operaci\u00f3n Sellamiento, misma que ha sido referida en varias ocasiones por el General Mar\u00edn durante sus conferencias de prensa semanales.<\/p>\n<p>Por ende, detall\u00f3 que fueron establecidos 23 puestos militares de seguridad, con 943 elementos del Ej\u00e9rcito en las colindancias con otros estados.<\/p>\n<p>Como parte de las acciones emprendidas a lo largo de una semana de trabajo de autoridades federales, estatales y municipales.<\/p>\n<h4>Ademas que se logr\u00f3 la detenci\u00f3n de 51 personas por la probable comisi\u00f3n de un delito.<\/h4>\n<p>Por su parte, la Delegaci\u00f3n de la Fiscal\u00eda General de la Rep\u00fablica en Zacatecas y la Fiscal\u00eda General de Justicia del Estado.<\/p>\n<p>Los cuales\u00a0informaron que, durante una semana reportaron la cumplimentaci\u00f3n de 17 \u00f3rdenes de aprehensi\u00f3n, 24 vinculaciones a proceso.<\/p>\n<p>As\u00ed como a 12 sentencias y judicializaron tres \u00f3rdenes de cateos. Asimismo, abrieron 17 carpetas de investigaci\u00f3n con detenidos y se celebraron 119 audiencias.<\/p>\n<p>El Secretario de Seguridad tambi\u00e9n se\u00f1al\u00f3 que a una semana de que el plazo establecido para la regularizaci\u00f3n de veh\u00edculos de procedencia extranjera concluya.<\/p>\n<p>As\u00ed como de, 38 mil 479 unidades se encuentran en dicho proceso.<\/p>\n<p>Para concluir, a\u00f1adi\u00f3 que, durante la primera semana de la Feria Nacional de Zacatecas (FENAZA).<\/p>\n<p>Tras la implementaci\u00f3n de un operativo en el que participan 300 elementos de seguridad de los tres \u00f3rdenes de gobierno, se reporta saldo blanco.<\/p>\n","protected":false},"excerpt":{"rendered":"<p>Tras la implementaci\u00f3n del Plan Zacatecas II, han bajado los delitos Ej\u00e9rcito y Guardia Nacional: En una semana fueron detenidas 51 personas, se aseguraron 12 veh\u00edculos, cinco armas de fuego. As\u00ed como de 27 cargadores de diversos calibres, 859 cartuchos \u00fatiles Durante la primera semana de la FENAZA se reporta saldo blanco El Secretario de [&hellip;]<\/p>\n","protected":false},"author":1,"featured_media":8987,"comment_status":"open","ping_status":"closed","sticky":false,"template":"","format":"standard","meta":{"footnotes":""},"categories":[7,8],"tags":[],"class_list":["post-8985","post","type-post","status-publish","format-standard","has-post-thumbnail","hentry","category-nacional","category-policia"],"_links":{"self":[{"href":"https:\/\/podernacional.com\/index.php?rest_route=\/wp\/v2\/posts\/8985","targetHints":{"allow":["GET"]}}],"collection":[{"href":"https:\/\/podernacional.com\/index.php?rest_route=\/wp\/v2\/posts"}],"about":[{"href":"https:\/\/podernacional.com\/index.php?rest_route=\/wp\/v2\/types\/post"}],"author":[{"embeddable":true,"href":"https:\/\/podernacional.com\/index.php?rest_route=\/wp\/v2\/users\/1"}],"replies":[{"embeddable":true,"href":"https:\/\/podernacional.com\/index.php?rest_route=%2Fwp%2Fv2%2Fcomments&post=8985"}],"version-history":[{"count":1,"href":"https:\/\/podernacional.com\/index.php?rest_route=\/wp\/v2\/posts\/8985\/revisions"}],"predecessor-version":[{"id":8986,"href":"https:\/\/podernacional.com\/index.php?rest_route=\/wp\/v2\/posts\/8985\/revisions\/8986"}],"wp:featuredmedia":[{"embeddable":true,"href":"https:\/\/podernacional.com\/index.php?rest_route=\/wp\/v2\/media\/8987"}],"wp:attachment":[{"href":"https:\/\/podernacional.com\/index.php?rest_route=%2Fwp%2Fv2%2Fmedia&parent=8985"}],"wp:term":[{"taxonomy":"category","embeddable":true,"href":"https:\/\/podernacional.com\/index.php?rest_route=%2Fwp%2Fv2%2Fcategories&post=8985"},{"taxonomy":"post_tag","embeddable":true,"href":"https:\/\/podernacional.com\/index.php?rest_route=%2Fwp%2Fv2%2Ftags&post=8985"}],"curies":[{"name":"wp","href":"https:\/\/api.w.org\/{rel}","templated":true}]}}