{"id":8988,"date":"2022-09-12T21:53:32","date_gmt":"2022-09-13T02:53:32","guid":{"rendered":"https:\/\/podernacional.com\/?p=8988"},"modified":"2022-09-13T02:53:33","modified_gmt":"2022-09-13T02:53:33","slug":"presentan-gobierno-de-zacatecas-y-camara-de-comercio-convocatoria-ayudanos-a-ayudar","status":"publish","type":"post","link":"https:\/\/podernacional.com\/?p=8988","title":{"rendered":"Presentan Gobierno de Zacatecas y C\u00e1mara de Comercio Convocatoria \u201cAy\u00fadanos a ayudar\u201d"},"content":{"rendered":"<h4>Buscan ayudar a m\u00e1s de mil usuarios del Instituto para la Atenci\u00f3n e Inclusi\u00f3n de las Personas con Discapacidad<\/h4>\n<p>C\u00e1mara de Comercio Convocatoria: El Gobierno de Zacatecas, a trav\u00e9s del Instituto para la Atenci\u00f3n e Inclusi\u00f3n de las Personas con Discapacidad.<\/p>\n<p>As\u00ed como en colaboraci\u00f3n con la C\u00e1mara Nacional de Comercio de Zacatecas (Canacozac).<\/p>\n<p>La cual present\u00f3 la Convocatoria \u201cAy\u00fadanos a Ayudar\u201d.<\/p>\n<p>La cual busca beneficiar a m\u00e1s de mil usuarios que se encuentran en lista de espera para recibir un apoyo funcional.<\/p>\n<p>El Instituto para la Atenci\u00f3n e Inclusi\u00f3n de las Personas con Discapacidad espera superar esta meta.<\/p>\n<p>Ademas que\u00a0siguiendo el compromiso del Gobernador David Monreal \u00c1vila, apoyar a los grupos vulnerables, en especial a este sector de la poblaci\u00f3n.<\/p>\n<p>La titular del instituto, Miriam Garc\u00eda Zamora, agradeci\u00f3 la voluntad de la directiva de la Canacozac de trabajar en conjunto.<\/p>\n<h4>As\u00ed como de\u00a0coadyuvar con esta campa\u00f1a en beneficio de las personas con discapacidad.<\/h4>\n<p>Dijo que \u201csomos casi 40 mil personas con discapacidad registradas en el padr\u00f3n estatal, el cual va en aumento.<\/p>\n<p>\u201cPor eso, se requiere concientizar y generar empat\u00eda con los comerciantes y el p\u00fablico en general sobre las necesidades de este sector\u201d.<\/p>\n<p>Asimismo, hizo \u00e9nfasis en que esta campa\u00f1a es solo el inicio de una actividad a realizarse a\u00f1o con a\u00f1o.<\/p>\n<p>Ademas que\u00a0as\u00ed cubrir las necesidades de las personas en esta condici\u00f3n.<\/p>\n<p>El Presidente de la Canacozac, Francisco Flores L\u00f3pez, en compa\u00f1\u00eda de su directiva, asegur\u00f3 que:<\/p>\n<p>\u201cQuer\u00edamos hacer esta campa\u00f1a en forma conjunta para beneficio colectivo y, con ello, determinamos hacer la campa\u00f1a Ay\u00fadanos a ayudar\u201d.<\/p>\n<p>Tras leer las bases de la convocatoria, agreg\u00f3 que \u201cnosotros como c\u00e1mara de comercio convocamos a nuestros afiliados.<\/p>\n<h4>Ademas que el d\u00eda de hoy son m\u00e1s de 8 mil 200, a integrarse, a formar parte de esta campa\u00f1a, a sumarse de manera individual.<\/h4>\n<p>\u201cPor ende, de manera personal y tambi\u00e9n, en un momento dado, que sean promotores de la campa\u00f1a; la idea es ayudar entre todos a Zacatecas\u201d.<\/p>\n<p>Algunos de los apoyos que se estar\u00e1n recibiendo en las instalaciones de la Canacozac son:<\/p>\n<p>Andaderas, bast\u00f3n blanco, sillas de ruedas, bast\u00f3n fijo, muletas, aparatos ortop\u00e9dicos, pa\u00f1ales, entre otros.<\/p>\n","protected":false},"excerpt":{"rendered":"<p>Buscan ayudar a m\u00e1s de mil usuarios del Instituto para la Atenci\u00f3n e Inclusi\u00f3n de las Personas con Discapacidad C\u00e1mara de Comercio Convocatoria: El Gobierno de Zacatecas, a trav\u00e9s del Instituto para la Atenci\u00f3n e Inclusi\u00f3n de las Personas con Discapacidad. As\u00ed como en colaboraci\u00f3n con la C\u00e1mara Nacional de Comercio de Zacatecas (Canacozac). La [&hellip;]<\/p>\n","protected":false},"author":1,"featured_media":8990,"comment_status":"open","ping_status":"closed","sticky":false,"template":"","format":"standard","meta":{"footnotes":""},"categories":[7,9],"tags":[],"class_list":["post-8988","post","type-post","status-publish","format-standard","has-post-thumbnail","hentry","category-nacional","category-politica"],"_links":{"self":[{"href":"https:\/\/podernacional.com\/index.php?rest_route=\/wp\/v2\/posts\/8988","targetHints":{"allow":["GET"]}}],"collection":[{"href":"https:\/\/podernacional.com\/index.php?rest_route=\/wp\/v2\/posts"}],"about":[{"href":"https:\/\/podernacional.com\/index.php?rest_route=\/wp\/v2\/types\/post"}],"author":[{"embeddable":true,"href":"https:\/\/podernacional.com\/index.php?rest_route=\/wp\/v2\/users\/1"}],"replies":[{"embeddable":true,"href":"https:\/\/podernacional.com\/index.php?rest_route=%2Fwp%2Fv2%2Fcomments&post=8988"}],"version-history":[{"count":1,"href":"https:\/\/podernacional.com\/index.php?rest_route=\/wp\/v2\/posts\/8988\/revisions"}],"predecessor-version":[{"id":8989,"href":"https:\/\/podernacional.com\/index.php?rest_route=\/wp\/v2\/posts\/8988\/revisions\/8989"}],"wp:featuredmedia":[{"embeddable":true,"href":"https:\/\/podernacional.com\/index.php?rest_route=\/wp\/v2\/media\/8990"}],"wp:attachment":[{"href":"https:\/\/podernacional.com\/index.php?rest_route=%2Fwp%2Fv2%2Fmedia&parent=8988"}],"wp:term":[{"taxonomy":"category","embeddable":true,"href":"https:\/\/podernacional.com\/index.php?rest_route=%2Fwp%2Fv2%2Fcategories&post=8988"},{"taxonomy":"post_tag","embeddable":true,"href":"https:\/\/podernacional.com\/index.php?rest_route=%2Fwp%2Fv2%2Ftags&post=8988"}],"curies":[{"name":"wp","href":"https:\/\/api.w.org\/{rel}","templated":true}]}}