{"id":8991,"date":"2022-09-12T21:58:21","date_gmt":"2022-09-13T02:58:21","guid":{"rendered":"https:\/\/podernacional.com\/?p=8991"},"modified":"2022-09-13T02:58:22","modified_gmt":"2022-09-13T02:58:22","slug":"anuncian-el-festival-vibras-con-artistas-de-quintana-roo","status":"publish","type":"post","link":"https:\/\/podernacional.com\/?p=8991","title":{"rendered":"Anuncian el Festival Vibras con Artistas de Quintana Roo"},"content":{"rendered":"<h4>Con la participaci\u00f3n de creadores locales<\/h4>\n<p>Festival Vibras: La directora del Instituto de la Cultura y las Artes Jacqueline Estrada Pe\u00f1a anunci\u00f3 en rueda de prensa.<\/p>\n<p>La\u00a0dicha\u00a0realizaci\u00f3n del Festival Vibras con Artistas de Quintana Roo.<\/p>\n<p>Ademas que habr\u00e1 de realizarse entre el 12 y el 18 de septiembre, en la Megaescultura de Chetumal.<\/p>\n<p>El 13, las actividades comienzan a las cinco y 30 de la tarde con la muestra gastron\u00f3mica \u201cDulces de coco\u201d.<\/p>\n<p>As\u00ed como la \u201cBanda de M\u00fasica del Gobierno del Estado\u201d, el \u201cBallet Folcl\u00f3rico de Quintana Roo\u201d, el grupo de son jarocho \u201cOlas\u201d.<\/p>\n<p>Ademas de\u00a0una coreograf\u00eda de matices identitarios.<\/p>\n<h4>El 16 de septiembre de 2022, desde las seis de la tarde, estar\u00e1 dedicado a la m\u00fasica con las actuaciones del trovador Erick Venegas.<\/h4>\n<p>(\u201cCu\u00e9ntame esta trova\u201d), y las bandas \u201cRoots and flowers\u201d (\u201cCaribean reggae\u201d), \u201cAguamala\u201d e \u201cHierba Santa\u201d (\u201cReggae lovers\u201d).<\/p>\n<p>A partir de las cinco de la tarde del 17, en el contexto del Festival del Helado.<\/p>\n<p>Ademas que\u00a0se presentar\u00e1n el cantante Pad Boy (maya-rap) y los grupos \u201cSin consecuencias\u201d (rock), \u201cChangora Drums\u201d (trip-hop y reggae)).<\/p>\n<p>As\u00ed como de\u00a0\u201cTreeunkers\u201d, \u201cCorpusklan\u201d (reggae) y \u201cLa buena vida\u201d (ska fusi\u00f3n).<\/p>\n<p>La noche del 18 de septiembre con la funci\u00f3n de lucha libre \u201cVibras en el ring\u201d, el Festival del Helado, y un bazar de gastronom\u00eda.<\/p>\n<p>As\u00ed como de\u00a0productos art\u00edsticos se cierra este festival en Oth\u00f3n P. Blanco.<\/p>\n<p>Ademas de\u00a0en los dem\u00e1s municipios se realizar\u00e1 en octubre y noviembre de 2022.<\/p>\n<p>El pasado d\u00eda 10, se llev\u00f3 a cabo un espect\u00e1culo de danza y m\u00fasica con las agrupaciones \u201cQuintana Roo Vivo\u201d, con \u201cDanzas y bailes de mi tierra\u201d.<\/p>\n<p>Ademas de\u00a0\u201c\u00c9xodo\u201d, con \u201cManat\u00ed: voz de mar\u201d y \u201cNo hay quinto malo\u201d, con temas de timba, salsa y rock.<\/p>\n<p>En agosto de 2022, se aprobaron sesenta proyectos que benefician a m\u00e1s de trescientos artistas de los municipios de Oth\u00f3n P. Blanco.<\/p>\n<p>As\u00ed como en Felipe Carrillo Puerto, Jos\u00e9 Mar\u00eda Morelos, Solidaridad, Puerto Morelos y Benito Ju\u00e1rez, que se realizar\u00e1n entre septiembre y octubre.<\/p>\n","protected":false},"excerpt":{"rendered":"<p>Con la participaci\u00f3n de creadores locales Festival Vibras: La directora del Instituto de la Cultura y las Artes Jacqueline Estrada Pe\u00f1a anunci\u00f3 en rueda de prensa. La\u00a0dicha\u00a0realizaci\u00f3n del Festival Vibras con Artistas de Quintana Roo. Ademas que habr\u00e1 de realizarse entre el 12 y el 18 de septiembre, en la Megaescultura de Chetumal. El 13, [&hellip;]<\/p>\n","protected":false},"author":1,"featured_media":8993,"comment_status":"open","ping_status":"closed","sticky":false,"template":"","format":"standard","meta":{"footnotes":""},"categories":[2,6,10],"tags":[],"class_list":["post-8991","post","type-post","status-publish","format-standard","has-post-thumbnail","hentry","category-cultural","category-local","category-quintana-roo"],"_links":{"self":[{"href":"https:\/\/podernacional.com\/index.php?rest_route=\/wp\/v2\/posts\/8991","targetHints":{"allow":["GET"]}}],"collection":[{"href":"https:\/\/podernacional.com\/index.php?rest_route=\/wp\/v2\/posts"}],"about":[{"href":"https:\/\/podernacional.com\/index.php?rest_route=\/wp\/v2\/types\/post"}],"author":[{"embeddable":true,"href":"https:\/\/podernacional.com\/index.php?rest_route=\/wp\/v2\/users\/1"}],"replies":[{"embeddable":true,"href":"https:\/\/podernacional.com\/index.php?rest_route=%2Fwp%2Fv2%2Fcomments&post=8991"}],"version-history":[{"count":1,"href":"https:\/\/podernacional.com\/index.php?rest_route=\/wp\/v2\/posts\/8991\/revisions"}],"predecessor-version":[{"id":8992,"href":"https:\/\/podernacional.com\/index.php?rest_route=\/wp\/v2\/posts\/8991\/revisions\/8992"}],"wp:featuredmedia":[{"embeddable":true,"href":"https:\/\/podernacional.com\/index.php?rest_route=\/wp\/v2\/media\/8993"}],"wp:attachment":[{"href":"https:\/\/podernacional.com\/index.php?rest_route=%2Fwp%2Fv2%2Fmedia&parent=8991"}],"wp:term":[{"taxonomy":"category","embeddable":true,"href":"https:\/\/podernacional.com\/index.php?rest_route=%2Fwp%2Fv2%2Fcategories&post=8991"},{"taxonomy":"post_tag","embeddable":true,"href":"https:\/\/podernacional.com\/index.php?rest_route=%2Fwp%2Fv2%2Ftags&post=8991"}],"curies":[{"name":"wp","href":"https:\/\/api.w.org\/{rel}","templated":true}]}}