{"id":8994,"date":"2022-09-13T19:57:06","date_gmt":"2022-09-14T00:57:06","guid":{"rendered":"https:\/\/podernacional.com\/?p=8994"},"modified":"2022-09-14T00:57:07","modified_gmt":"2022-09-14T00:57:07","slug":"rubalcava-y-sheinbaum-dan-banderazo-de-salida-a-120-nuevas-patrullas-en-cuajimalpa","status":"publish","type":"post","link":"https:\/\/podernacional.com\/?p=8994","title":{"rendered":"Rubalcava y Sheinbaum dan banderazo de salida a 120 nuevas patrullas en Cuajimalpa"},"content":{"rendered":"<p class=\"selectable-text copyable-text\"><span class=\"selectable-text copyable-text\">La Jefa de Gobierno Sheinbaum Pardo comunic\u00f3 que tambi\u00e9n se sumaron mil elementos de seguridad; reconoci\u00f3 la labor del alcalde Adri\u00e1n Rubalcava para hacer\u00a0la alcald\u00eda m\u00e1s segura<\/span><\/p>\n<p class=\"selectable-text copyable-text\"><span class=\"selectable-text copyable-text\">El alcalde de Cuajimalpa,\u00a0Adri\u00e1n Rubalcava, en compa\u00f1\u00eda de la Jefa de Gobierno,\u00a0Claudia Sheinbaum, encabez\u00f3 el banderazo de salida de\u00a0120 nuevos veh\u00edculos oficiales\u00a0y\u00a0mil elementos de seguridad, que patrullar\u00e1n la alcald\u00eda.<\/span><\/p>\n<p class=\"selectable-text copyable-text\"><span class=\"selectable-text copyable-text\">El alcalde afirm\u00f3 que\u00a0 en los \u00faltimos seis a\u00f1os,\u00a0Cuajimalpa ha evolucionado \u00abde manera importante en materia de seguridad\u00bb, un logro que se palpa y se percibe en toda la capital.<\/span><\/p>\n<p class=\"selectable-text copyable-text\"><span class=\"selectable-text copyable-text\">Desde el Parque La Mexicana, Rubalcava Su\u00e1rez, detall\u00f3 que la entrega de 120 nuevas patrullas permitir\u00e1 que las y los vecinos de Cuajimalpa se conviertan\u00a0\u00aben los m\u00e1s patrullados de toda la ciudad\u00bb, adem\u00e1s de que\u00a0se sumaron mil elementos\u00a0m\u00e1s para\u00a0resguardar a los 200 mil habitantes de la demarcaci\u00f3n, es decir, un polic\u00eda por cada 200 personas.<\/span><\/p>\n<p class=\"selectable-text copyable-text\"><span class=\"selectable-text copyable-text\">\u00abHoy no es solamente un tema de patrullas, de incremento de elementos de la polic\u00eda, estamos hablando de que hoy\u00a0nuestras familias caminan por las calles y est\u00e1n seguros\u00bb, destac\u00f3.\u00a0<\/span><\/p>\n<p class=\"selectable-text copyable-text\"><span class=\"selectable-text copyable-text\">Adri\u00e1n Rubalcava\u00a0explic\u00f3 que este avance no ser\u00eda posible si no hubiera una \u00abcoordinaci\u00f3n estrecha\u00bb y di\u00e1logo entre la Secretar\u00eda de Seguridad Ciudadana (SSC), encabezada por\u00a0Omar Garc\u00eda Harfuch\u00a0y la alcald\u00eda.\u00a0<\/span><\/p>\n<p class=\"selectable-text copyable-text\"><span class=\"selectable-text copyable-text\">Por su parte, la Jefa de Gobierno, Claudia Sheinbaum, se\u00f1al\u00f3 que\u00a0el alcalde ha hecho un \u00abgran esfuerzo\u00bb\u00a0para hacer de Cuajimalpa,\u00a0la alcald\u00eda m\u00e1s segura\u00a0de toda la Ciudad de M\u00e9xico.\u00a0<\/span><\/p>\n<p class=\"selectable-text copyable-text\"><span class=\"selectable-text copyable-text\">\u00abSiempre dijimos que no se trata de blindar alcald\u00edas,\u00a0se trata de hacer un trabajo coordinado\u00bb, dijo.<\/span><\/p>\n<p class=\"selectable-text copyable-text\"><span class=\"selectable-text copyable-text\">La mandataria record\u00f3 los cuatro ejes de su administraci\u00f3n en materia de seguridad:\u00a0atenci\u00f3n a las causas; m\u00e1s y mejor polic\u00eda; inteligencia e investigaci\u00f3n, con m\u00e1s c\u00e1maras de seguridad; y la coordinaci\u00f3n.<\/span><\/p>\n<p class=\"selectable-text copyable-text\"><span class=\"selectable-text copyable-text\">Asimismo, Sheinbaum Pardo adelant\u00f3 que en los pr\u00f3ximos meses\u00a0se\u00a0 inaugurar\u00e1n dos obras emblem\u00e1ticas\u00a0en esta alcald\u00eda: El\u00a0Hospital General de Cuajimalpa, para el cual ya est\u00e1n llegando todos los equipos; y el\u00a0Puente Chamixto, el cual permitir\u00e1 reducir los tiempos de traslado.<\/span><\/p>\n","protected":false},"excerpt":{"rendered":"<p>La Jefa de Gobierno Sheinbaum Pardo comunic\u00f3 que tambi\u00e9n se sumaron mil elementos de seguridad; reconoci\u00f3 la labor del alcalde Adri\u00e1n Rubalcava para hacer\u00a0la alcald\u00eda m\u00e1s segura El alcalde de Cuajimalpa,\u00a0Adri\u00e1n Rubalcava, en compa\u00f1\u00eda de la Jefa de Gobierno,\u00a0Claudia Sheinbaum, encabez\u00f3 el banderazo de salida de\u00a0120 nuevos veh\u00edculos oficiales\u00a0y\u00a0mil elementos de seguridad, que patrullar\u00e1n la [&hellip;]<\/p>\n","protected":false},"author":1,"featured_media":8996,"comment_status":"open","ping_status":"closed","sticky":false,"template":"","format":"standard","meta":{"footnotes":""},"categories":[7,8,9],"tags":[],"class_list":["post-8994","post","type-post","status-publish","format-standard","has-post-thumbnail","hentry","category-nacional","category-policia","category-politica"],"_links":{"self":[{"href":"https:\/\/podernacional.com\/index.php?rest_route=\/wp\/v2\/posts\/8994","targetHints":{"allow":["GET"]}}],"collection":[{"href":"https:\/\/podernacional.com\/index.php?rest_route=\/wp\/v2\/posts"}],"about":[{"href":"https:\/\/podernacional.com\/index.php?rest_route=\/wp\/v2\/types\/post"}],"author":[{"embeddable":true,"href":"https:\/\/podernacional.com\/index.php?rest_route=\/wp\/v2\/users\/1"}],"replies":[{"embeddable":true,"href":"https:\/\/podernacional.com\/index.php?rest_route=%2Fwp%2Fv2%2Fcomments&post=8994"}],"version-history":[{"count":1,"href":"https:\/\/podernacional.com\/index.php?rest_route=\/wp\/v2\/posts\/8994\/revisions"}],"predecessor-version":[{"id":8995,"href":"https:\/\/podernacional.com\/index.php?rest_route=\/wp\/v2\/posts\/8994\/revisions\/8995"}],"wp:featuredmedia":[{"embeddable":true,"href":"https:\/\/podernacional.com\/index.php?rest_route=\/wp\/v2\/media\/8996"}],"wp:attachment":[{"href":"https:\/\/podernacional.com\/index.php?rest_route=%2Fwp%2Fv2%2Fmedia&parent=8994"}],"wp:term":[{"taxonomy":"category","embeddable":true,"href":"https:\/\/podernacional.com\/index.php?rest_route=%2Fwp%2Fv2%2Fcategories&post=8994"},{"taxonomy":"post_tag","embeddable":true,"href":"https:\/\/podernacional.com\/index.php?rest_route=%2Fwp%2Fv2%2Ftags&post=8994"}],"curies":[{"name":"wp","href":"https:\/\/api.w.org\/{rel}","templated":true}]}}