{"id":8997,"date":"2022-09-13T20:23:32","date_gmt":"2022-09-14T01:23:32","guid":{"rendered":"https:\/\/podernacional.com\/?p=8997"},"modified":"2022-09-14T01:23:33","modified_gmt":"2022-09-14T01:23:33","slug":"el-surcoreano-jin-song-se-consagra-campeon-del-triatlon-ultra-355-cozumel","status":"publish","type":"post","link":"https:\/\/podernacional.com\/?p=8997","title":{"rendered":"El surcoreano Jin Song se consagra campe\u00f3n del triatl\u00f3n Ultra 355 Cozumel"},"content":{"rendered":"<h4>En representaci\u00f3n de la presidenta municipal, Juanita Alonso Marrufo, la directora de Deportes y Atenci\u00f3n a la Juventud.<\/h4>\n<p>Jin Song: As\u00ed como de Rosa Elena Zapata V\u00e1zquez encabez\u00f3 la ceremonia de premiaci\u00f3n donde el m\u00e1ximo reconocimiento fue para el triatleta surcoreano Jin Song.<\/p>\n<p>Con una brillante \u00faltima etapa de 50 kil\u00f3metros de carrera pedestre, el oriental se consagr\u00f3 campe\u00f3n del gran desaf\u00edo deportivo Ultra 355.<\/p>\n<p>Esto\u00a0en el que la dupla conformada por la cozumele\u00f1a Fedra V\u00e1zquez y el estadounidense Scott Weaver no tuvieron rival en la modalidad de relevos.<\/p>\n<p>Song realiz\u00f3 una gran competencia, pues en la primera fase de 5 kil\u00f3metros de nataci\u00f3n y 100 de ciclismo se ubic\u00f3 en el tercer lugar.<\/p>\n<p>Ademas que se\u00a0escal\u00f3 un pelda\u00f1o para ubicarse segundo en la segunda etapa de 200 kil\u00f3metros de bicicleta.<\/p>\n<p>As\u00ed que cerr\u00f3 a tambor batiente con un impresionante registro de 04 horas, 08 minutos y 46 segundos en la carrera pedestre de 50 kil\u00f3metros.<\/p>\n<p>Con m\u00e1s de una hora de ventaja sobre la cozumele\u00f1a Fedra V\u00e1zquez.<\/p>\n<p>Ademas de quien con tiempo de 05:12:33 fue la segunda en arribar a la meta en la \u00faltima etapa.<\/p>\n<h4>As\u00ed como que junto con el estadounidense Scott Weaver se llev\u00f3 los m\u00e1ximos honores en la modalidad de relevos.<\/h4>\n<p>El tiempo total de Jin Song fue de 15 horas, 54 minutos y 03 segundos, en tanto que el de Fedra y Scott fue de 17:32:28.<\/p>\n<p>El segundo lugar general fue para el triatleta invidente Marcos Vel\u00e1zquez.<\/p>\n<p>Ademas, quien con el cozumele\u00f1o Alan Carrillo como gu\u00eda tuvo un registro combinado de 17:38:59 sumadas las tres etapas.<\/p>\n<p>En tercer lugar, se ubic\u00f3 el mexicano Antonio Postigo, quien tuvo un registro de 20:04:45.<\/p>\n<p>Por ende, seguido por sus compatriotas V\u00edctor Hugo con 20:30:43 y Francisco Palencia con 21:06:48, para finalizar en cuarto y quinto lugar, respectivamente.<\/p>\n<p>Por la noche se efectu\u00f3 la ceremonia de premiaci\u00f3n en reconocido restaurante.<\/p>\n<p>Lugar en\u00a0donde los organizadores hicieron entrega de los premios correspondientes a los tres triatletas.<\/p>\n<p>Los cuales mencionan que obtuvieron los mejores resultados de manera individual, as\u00ed como tambi\u00e9n a los ganadores de la modalidad de relevos.<\/p>\n","protected":false},"excerpt":{"rendered":"<p>En representaci\u00f3n de la presidenta municipal, Juanita Alonso Marrufo, la directora de Deportes y Atenci\u00f3n a la Juventud. Jin Song: As\u00ed como de Rosa Elena Zapata V\u00e1zquez encabez\u00f3 la ceremonia de premiaci\u00f3n donde el m\u00e1ximo reconocimiento fue para el triatleta surcoreano Jin Song. Con una brillante \u00faltima etapa de 50 kil\u00f3metros de carrera pedestre, el [&hellip;]<\/p>\n","protected":false},"author":1,"featured_media":8999,"comment_status":"open","ping_status":"closed","sticky":false,"template":"","format":"standard","meta":{"footnotes":""},"categories":[3,6,10],"tags":[],"class_list":["post-8997","post","type-post","status-publish","format-standard","has-post-thumbnail","hentry","category-deportes","category-local","category-quintana-roo"],"_links":{"self":[{"href":"https:\/\/podernacional.com\/index.php?rest_route=\/wp\/v2\/posts\/8997","targetHints":{"allow":["GET"]}}],"collection":[{"href":"https:\/\/podernacional.com\/index.php?rest_route=\/wp\/v2\/posts"}],"about":[{"href":"https:\/\/podernacional.com\/index.php?rest_route=\/wp\/v2\/types\/post"}],"author":[{"embeddable":true,"href":"https:\/\/podernacional.com\/index.php?rest_route=\/wp\/v2\/users\/1"}],"replies":[{"embeddable":true,"href":"https:\/\/podernacional.com\/index.php?rest_route=%2Fwp%2Fv2%2Fcomments&post=8997"}],"version-history":[{"count":1,"href":"https:\/\/podernacional.com\/index.php?rest_route=\/wp\/v2\/posts\/8997\/revisions"}],"predecessor-version":[{"id":8998,"href":"https:\/\/podernacional.com\/index.php?rest_route=\/wp\/v2\/posts\/8997\/revisions\/8998"}],"wp:featuredmedia":[{"embeddable":true,"href":"https:\/\/podernacional.com\/index.php?rest_route=\/wp\/v2\/media\/8999"}],"wp:attachment":[{"href":"https:\/\/podernacional.com\/index.php?rest_route=%2Fwp%2Fv2%2Fmedia&parent=8997"}],"wp:term":[{"taxonomy":"category","embeddable":true,"href":"https:\/\/podernacional.com\/index.php?rest_route=%2Fwp%2Fv2%2Fcategories&post=8997"},{"taxonomy":"post_tag","embeddable":true,"href":"https:\/\/podernacional.com\/index.php?rest_route=%2Fwp%2Fv2%2Ftags&post=8997"}],"curies":[{"name":"wp","href":"https:\/\/api.w.org\/{rel}","templated":true}]}}