{"id":9021,"date":"2022-09-13T21:48:29","date_gmt":"2022-09-14T02:48:29","guid":{"rendered":"https:\/\/podernacional.com\/?p=9021"},"modified":"2022-09-14T02:48:31","modified_gmt":"2022-09-14T02:48:31","slug":"gobernador-de-quintana-roo-sera-embajador-de-mexico-en-canada-amlo","status":"publish","type":"post","link":"https:\/\/podernacional.com\/?p=9021","title":{"rendered":"Gobernador de Quintana Roo ser\u00e1 embajador de M\u00e9xico en Canad\u00e1: AMLO"},"content":{"rendered":"<h4>El perredista Carlos Joaqu\u00edn Gonz\u00e1lez ser\u00e1 propuesto como embajador de M\u00e9xico en Canad\u00e1, una vez que concluya su periodo como gobernador de Quintana Roo.<\/h4>\n<p>Gobernador de Quintana Roo: Esto lo, inform\u00f3 esta ma\u00f1ana el presidente de la Rep\u00fablica, Andr\u00e9s Manuel L\u00f3pez Obrador.<\/p>\n<p>Durante su conferencia de prensa en el Palacio Nacional.<\/p>\n<p>Por ende, el titular del Poder Ejecutivo federal confirm\u00f3 que se reuni\u00f3 el d\u00eda de ayer con el a\u00fan gobernador quintanarroense.<\/p>\n<p>Detall\u00f3 que habl\u00f3 con el pol\u00edtico de extracci\u00f3n perredista sobre la invitaci\u00f3n a participar en el gobierno de la \u201ccuarta transformaci\u00f3n\u201d.<\/p>\n<p>A pregunta expresa, L\u00f3pez Obrador dijo que ya sab\u00eda en qu\u00e9 \u00e1rea incorporar\u00e1 a Carlos Joaqu\u00edn Gonz\u00e1lez.<\/p>\n<p>\u201cS\u00ed, va a participar, nos va a representar como embajador de M\u00e9xico en Canad\u00e1\u201d.<\/p>\n<p>\u201cEn su momento vamos a pedir el benepl\u00e1cito del gobierno de Canad\u00e1\u201d.<\/p>\n<p>Joaqu\u00edn Gonz\u00e1lez alcanz\u00f3 el gobierno de Quintana Roo el 25 de septiembre de 2016.<\/p>\n<p>Esto, bajo las siglas de la alianza electoral conformada por los partidos de la Revoluci\u00f3n Democr\u00e1tica (PRD).<\/p>\n<h4>As\u00ed como de Partido Acci\u00f3n Nacional (PAN). Hasta el proceso electoral de ese a\u00f1o.<\/h4>\n<p>Ademas de\u00a0toda su carrera pol\u00edtica la hab\u00eda hecho como militante del Partido Revolucionario Institucional (PRI).<\/p>\n<p>Lo cual\u00a0incluso fungi\u00f3 como subsecretario de Innovaci\u00f3n y Desarrollo Tur\u00edstico durante la primera mitad del sexenio de Enrique Pe\u00f1a Nieto.<\/p>\n<p>En las elecciones del pasado 5 de junio, Carlos Joaqu\u00edn \u2013formalmente afiliado al PRD\u2013.<\/p>\n<p>Ademas que no pudo retener el gobierno de Quintana Roo para la alianza de su partido con el PAN.<\/p>\n<p>De hecho, la f\u00f3rmula electoral Va por Quintana Roo \u2013conformada por el PAN, el PRD.<\/p>\n<p>As\u00ed como de Confianza por Quintana Roo\u2013 no s\u00f3lo perdi\u00f3 la gubernatura sino todos los distritos electorales.<\/p>\n<p>A Carlos Joaqu\u00edn Gonz\u00e1lez le restan 12 d\u00edas al frente de la administraci\u00f3n estatal de Quintana Roo.<\/p>\n<p>Gobernador de Quintana Roo ser\u00e1 embajador de M\u00e9xico en Canad\u00e1: AMLO<\/p>\n","protected":false},"excerpt":{"rendered":"<p>El perredista Carlos Joaqu\u00edn Gonz\u00e1lez ser\u00e1 propuesto como embajador de M\u00e9xico en Canad\u00e1, una vez que concluya su periodo como gobernador de Quintana Roo. Gobernador de Quintana Roo: Esto lo, inform\u00f3 esta ma\u00f1ana el presidente de la Rep\u00fablica, Andr\u00e9s Manuel L\u00f3pez Obrador. Durante su conferencia de prensa en el Palacio Nacional. Por ende, el titular [&hellip;]<\/p>\n","protected":false},"author":1,"featured_media":9023,"comment_status":"open","ping_status":"closed","sticky":false,"template":"","format":"standard","meta":{"footnotes":""},"categories":[9,10],"tags":[],"class_list":["post-9021","post","type-post","status-publish","format-standard","has-post-thumbnail","hentry","category-politica","category-quintana-roo"],"_links":{"self":[{"href":"https:\/\/podernacional.com\/index.php?rest_route=\/wp\/v2\/posts\/9021","targetHints":{"allow":["GET"]}}],"collection":[{"href":"https:\/\/podernacional.com\/index.php?rest_route=\/wp\/v2\/posts"}],"about":[{"href":"https:\/\/podernacional.com\/index.php?rest_route=\/wp\/v2\/types\/post"}],"author":[{"embeddable":true,"href":"https:\/\/podernacional.com\/index.php?rest_route=\/wp\/v2\/users\/1"}],"replies":[{"embeddable":true,"href":"https:\/\/podernacional.com\/index.php?rest_route=%2Fwp%2Fv2%2Fcomments&post=9021"}],"version-history":[{"count":1,"href":"https:\/\/podernacional.com\/index.php?rest_route=\/wp\/v2\/posts\/9021\/revisions"}],"predecessor-version":[{"id":9022,"href":"https:\/\/podernacional.com\/index.php?rest_route=\/wp\/v2\/posts\/9021\/revisions\/9022"}],"wp:featuredmedia":[{"embeddable":true,"href":"https:\/\/podernacional.com\/index.php?rest_route=\/wp\/v2\/media\/9023"}],"wp:attachment":[{"href":"https:\/\/podernacional.com\/index.php?rest_route=%2Fwp%2Fv2%2Fmedia&parent=9021"}],"wp:term":[{"taxonomy":"category","embeddable":true,"href":"https:\/\/podernacional.com\/index.php?rest_route=%2Fwp%2Fv2%2Fcategories&post=9021"},{"taxonomy":"post_tag","embeddable":true,"href":"https:\/\/podernacional.com\/index.php?rest_route=%2Fwp%2Fv2%2Ftags&post=9021"}],"curies":[{"name":"wp","href":"https:\/\/api.w.org\/{rel}","templated":true}]}}