{"id":9030,"date":"2022-09-14T19:21:25","date_gmt":"2022-09-15T00:21:25","guid":{"rendered":"https:\/\/podernacional.com\/?p=9030"},"modified":"2022-09-15T00:21:26","modified_gmt":"2022-09-15T00:21:26","slug":"fifa-puso-en-marcha-su-programa-ejecutivo-para-agentes-de-futbol","status":"publish","type":"post","link":"https:\/\/podernacional.com\/?p=9030","title":{"rendered":"FIFA: Puso en marcha su programa ejecutivo para agentes de futbol"},"content":{"rendered":"<h4>Federaci\u00f3n Internacional de Futbol Asociaci\u00f3n<\/h4>\n<p>Programa ejecutivo: La Federaci\u00f3n Internacional de Futbol Asociaci\u00f3n abri\u00f3 un programa que responde a la modernizaci\u00f3n en el marco regulador<\/p>\n<p>La Federaci\u00f3n Internacional de F\u00fatbol Asociaci\u00f3n lo cual anunci\u00f3 cursos que se imparter\u00edan a los representantes de futbolistas.<\/p>\n<p>Esto\u00a0con el objetivo de su adaptaci\u00f3n al nuevo marco legal en que se tendr\u00e1n que desenvolver, empezando por la vuelta de la licencia FIFA.<\/p>\n<p>El nombre del curso es Programa Ejecutivo para Agentes donde analizar\u00e1n a detalle los aspectos comerciales.<\/p>\n<p>As\u00ed como de reguladores e institucionales del mercado de agentes y se ajusta a las recomendaciones de varias organizaciones de agentes de distintos pa\u00edses.<\/p>\n<p>Cabe mencionar que expertos mundialmente reconocidos combinar\u00e1n teor\u00eda con investigaci\u00f3n y sesiones pr\u00e1cticas.<\/p>\n<p>Ademas que\u00a0concluir\u00e1 en marzo del pr\u00f3ximo a\u00f1o e incluye cuatro m\u00f3dulos.<\/p>\n<h4>Gianni Infantino en conferencia de prensa<\/h4>\n<p>\u00abLa <a href=\"https:\/\/www.fifa.com\/es\">FIFA<\/a> no solo est\u00e1 modernizando el marco regulador y haci\u00e9ndolo m\u00e1s transparente.<\/p>\n<p>Con esto, sino que tambi\u00e9n asegur\u00e1ndose de que los agentes cuenten con las herramientas necesarias para representar.<\/p>\n<p>As\u00ed como de\u00a0proteger los intereses de sus clientes en un mercado enormemente complejo.<\/p>\n<p>De esta manera, atendemos a las peticiones de un gran n\u00famero de representantes de todo el mundo.<\/p>\n<p>Ademas de estar interesados en que su profesi\u00f3n se atenga a unos principios \u00e9ticos y profesionales m\u00e1s rigurosos\u00bb, explic\u00f3 Emilio Garc\u00eda Silvero.<\/p>\n<p>El cual es director de la Divisi\u00f3n de Servicios Jur\u00eddicos y Cumplimiento de la FIFA.<\/p>\n","protected":false},"excerpt":{"rendered":"<p>Federaci\u00f3n Internacional de Futbol Asociaci\u00f3n Programa ejecutivo: La Federaci\u00f3n Internacional de Futbol Asociaci\u00f3n abri\u00f3 un programa que responde a la modernizaci\u00f3n en el marco regulador La Federaci\u00f3n Internacional de F\u00fatbol Asociaci\u00f3n lo cual anunci\u00f3 cursos que se imparter\u00edan a los representantes de futbolistas. Esto\u00a0con el objetivo de su adaptaci\u00f3n al nuevo marco legal en que [&hellip;]<\/p>\n","protected":false},"author":1,"featured_media":9032,"comment_status":"open","ping_status":"closed","sticky":false,"template":"","format":"standard","meta":{"footnotes":""},"categories":[3,9],"tags":[],"class_list":["post-9030","post","type-post","status-publish","format-standard","has-post-thumbnail","hentry","category-deportes","category-politica"],"_links":{"self":[{"href":"https:\/\/podernacional.com\/index.php?rest_route=\/wp\/v2\/posts\/9030","targetHints":{"allow":["GET"]}}],"collection":[{"href":"https:\/\/podernacional.com\/index.php?rest_route=\/wp\/v2\/posts"}],"about":[{"href":"https:\/\/podernacional.com\/index.php?rest_route=\/wp\/v2\/types\/post"}],"author":[{"embeddable":true,"href":"https:\/\/podernacional.com\/index.php?rest_route=\/wp\/v2\/users\/1"}],"replies":[{"embeddable":true,"href":"https:\/\/podernacional.com\/index.php?rest_route=%2Fwp%2Fv2%2Fcomments&post=9030"}],"version-history":[{"count":1,"href":"https:\/\/podernacional.com\/index.php?rest_route=\/wp\/v2\/posts\/9030\/revisions"}],"predecessor-version":[{"id":9031,"href":"https:\/\/podernacional.com\/index.php?rest_route=\/wp\/v2\/posts\/9030\/revisions\/9031"}],"wp:featuredmedia":[{"embeddable":true,"href":"https:\/\/podernacional.com\/index.php?rest_route=\/wp\/v2\/media\/9032"}],"wp:attachment":[{"href":"https:\/\/podernacional.com\/index.php?rest_route=%2Fwp%2Fv2%2Fmedia&parent=9030"}],"wp:term":[{"taxonomy":"category","embeddable":true,"href":"https:\/\/podernacional.com\/index.php?rest_route=%2Fwp%2Fv2%2Fcategories&post=9030"},{"taxonomy":"post_tag","embeddable":true,"href":"https:\/\/podernacional.com\/index.php?rest_route=%2Fwp%2Fv2%2Ftags&post=9030"}],"curies":[{"name":"wp","href":"https:\/\/api.w.org\/{rel}","templated":true}]}}