{"id":9036,"date":"2022-09-14T19:34:12","date_gmt":"2022-09-15T00:34:12","guid":{"rendered":"https:\/\/podernacional.com\/?p=9036"},"modified":"2022-09-15T00:34:13","modified_gmt":"2022-09-15T00:34:13","slug":"mexico-esta-estancado-en-competitividad-internacional-por-debilidad-economica-imco","status":"publish","type":"post","link":"https:\/\/podernacional.com\/?p=9036","title":{"rendered":"M\u00e9xico est\u00e1 estancado en competitividad internacional por debilidad econ\u00f3mica: IMCO"},"content":{"rendered":"<h4>M\u00e9xico cay\u00f3 seis posiciones en el \u00cdndice de Competitividad Internacional, desde 2018, cuando Andr\u00e9s Manuel L\u00f3pez Obrador asumi\u00f3 la presidencia.<\/h4>\n<p>Competitividad internacional: Corrupci\u00f3n, deterioro del estado de derecho e inflaci\u00f3n creciente mantienen sumido a M\u00e9xico en competitividad a nivel internacional.<\/p>\n<p>Esto puesto que\u00a0al posicionarse en el sitio 37 de los 43 pa\u00edses evaluados en el \u00cdndice de Competitividad Internacional 2022.<\/p>\n<p>El cual fue realizado por el Instituto Mexicano para la Competitividad (IMCO).<\/p>\n<p>Si bien nuestro pa\u00eds se mantuvo estancado en el mismo sitio comparado con el resultado del 2021.<\/p>\n<p>Ademas que\u00a0pertenece al grupo de las naciones de baja competitividad mundial.<\/p>\n<p>-S\u00f3lo Nigeria ocupa el nivel muy bajo de competitividad-, el organismo privado revel\u00f3 que en 2022 sufri\u00f3 retrocesos en materia econ\u00f3mica y estado de derecho.<\/p>\n<p>Lo anterior, explic\u00f3 el IMCO, es reflejo de una menor percepci\u00f3n de cumplimiento de las normas sociales, como contratos, derechos de propiedad.<\/p>\n<h4>As\u00ed como el bajo desempe\u00f1o de entes de procuraci\u00f3n de justicia como polic\u00edas y tribunales.<\/h4>\n<p>En materia de econom\u00eda, M\u00e9xico sufri\u00f3 la ca\u00edda en siete posiciones en el ranking, debido al aumento en la inflaci\u00f3n que se presenta en el pa\u00eds.<\/p>\n<p>As\u00ed como de\u00a0la disminuci\u00f3n de la libertad econ\u00f3mica. As\u00ed la tasa anual de cambio en los precios de una canasta representativa de bienes.<\/p>\n<p>Ademas de\u00a0servicios pas\u00f3 de 2.7% a 4.8%, seg\u00fan el \u00cdndice.<\/p>\n<p>Mientras que en materia de derecho cay\u00f3 dos lugares por el deterioro de la independencia del Poder Judicial.<\/p>\n<p>Ademas del deterioro tanto del Estado de Derecho como en el \u00cdndice de Paz Global.<\/p>\n<p>En este rengl\u00f3n, la corrupci\u00f3n empeor\u00f3 en t\u00e9rminos generales, pues pas\u00f3 de 57.5 a 57.2 puntos.<\/p>\n<p>Desde 2018, cuando Andr\u00e9s Manuel L\u00f3pez Obrador asumi\u00f3 la presidencia, el pa\u00eds ha ca\u00eddo seis posiciones, del lugar 31 al 37.<\/p>\n<p>M\u00e9xico est\u00e1 estancado en competitividad internacional por debilidad econ\u00f3mica: IMCO<\/p>\n<p>&nbsp;<\/p>\n","protected":false},"excerpt":{"rendered":"<p>M\u00e9xico cay\u00f3 seis posiciones en el \u00cdndice de Competitividad Internacional, desde 2018, cuando Andr\u00e9s Manuel L\u00f3pez Obrador asumi\u00f3 la presidencia. Competitividad internacional: Corrupci\u00f3n, deterioro del estado de derecho e inflaci\u00f3n creciente mantienen sumido a M\u00e9xico en competitividad a nivel internacional. Esto puesto que\u00a0al posicionarse en el sitio 37 de los 43 pa\u00edses evaluados en el [&hellip;]<\/p>\n","protected":false},"author":1,"featured_media":9038,"comment_status":"open","ping_status":"closed","sticky":false,"template":"","format":"standard","meta":{"footnotes":""},"categories":[7,9],"tags":[],"class_list":["post-9036","post","type-post","status-publish","format-standard","has-post-thumbnail","hentry","category-nacional","category-politica"],"_links":{"self":[{"href":"https:\/\/podernacional.com\/index.php?rest_route=\/wp\/v2\/posts\/9036","targetHints":{"allow":["GET"]}}],"collection":[{"href":"https:\/\/podernacional.com\/index.php?rest_route=\/wp\/v2\/posts"}],"about":[{"href":"https:\/\/podernacional.com\/index.php?rest_route=\/wp\/v2\/types\/post"}],"author":[{"embeddable":true,"href":"https:\/\/podernacional.com\/index.php?rest_route=\/wp\/v2\/users\/1"}],"replies":[{"embeddable":true,"href":"https:\/\/podernacional.com\/index.php?rest_route=%2Fwp%2Fv2%2Fcomments&post=9036"}],"version-history":[{"count":1,"href":"https:\/\/podernacional.com\/index.php?rest_route=\/wp\/v2\/posts\/9036\/revisions"}],"predecessor-version":[{"id":9037,"href":"https:\/\/podernacional.com\/index.php?rest_route=\/wp\/v2\/posts\/9036\/revisions\/9037"}],"wp:featuredmedia":[{"embeddable":true,"href":"https:\/\/podernacional.com\/index.php?rest_route=\/wp\/v2\/media\/9038"}],"wp:attachment":[{"href":"https:\/\/podernacional.com\/index.php?rest_route=%2Fwp%2Fv2%2Fmedia&parent=9036"}],"wp:term":[{"taxonomy":"category","embeddable":true,"href":"https:\/\/podernacional.com\/index.php?rest_route=%2Fwp%2Fv2%2Fcategories&post=9036"},{"taxonomy":"post_tag","embeddable":true,"href":"https:\/\/podernacional.com\/index.php?rest_route=%2Fwp%2Fv2%2Ftags&post=9036"}],"curies":[{"name":"wp","href":"https:\/\/api.w.org\/{rel}","templated":true}]}}