{"id":9042,"date":"2022-09-14T20:11:35","date_gmt":"2022-09-15T01:11:35","guid":{"rendered":"https:\/\/podernacional.com\/?p=9042"},"modified":"2022-09-15T01:11:36","modified_gmt":"2022-09-15T01:11:36","slug":"resaltan-en-cancun-acciones-a-favor-de-la-paz","status":"publish","type":"post","link":"https:\/\/podernacional.com\/?p=9042","title":{"rendered":"Resaltan en Canc\u00fan acciones a favor de la paz"},"content":{"rendered":"<h4>Para promover la actividad f\u00edsica y mejorar la calidad de vida e inhibir problem\u00e1ticas en ni\u00f1os, j\u00f3venes y adultos, se dieron apoyos.<\/h4>\n<p>Acciones a favor de la paz: De acuerdo con la encargada de despacho de la Presidencia Municipal de Benito Ju\u00e1rez, Lourdes Latife Cardona Muza.<\/p>\n<p>Ademas que durante el primer a\u00f1o de la presente administraci\u00f3n se realizaron 12 actividades de \u201cProximidad por tu seguridad\u201d.<\/p>\n<p>Por ende\u00a0que forman parte de la Estrategia Integral para la Prevenci\u00f3n de la Violencia.<\/p>\n<p>Ademas que\u00a0la Delincuencia \u201cTodos por la Paz\u201d, con la suma de 3 mil 415 asistentes.<\/p>\n<p>A ello se agregan 97 pl\u00e1ticas \u201cAbrazo por la Paz\u201d en las que se alcanzaron 4 mil 144 personas sensibilizadas.<\/p>\n<p>Ademas que junto con la continuidad de programas previamente lanzados como \u201cYo no soy c\u00f3mplice\u201d, para prevenir las adicciones.<\/p>\n<p>As\u00ed como de\u00a0\u201cAma a quien le falta techo y cama\u201d, que ha otorgado nueve becas para una rehabilitaci\u00f3n digna a ciudadanos.<\/p>\n<h4>Los cuales\u00a0que viven en situaci\u00f3n de calle y quieren salir de esta problem\u00e1tica.<\/h4>\n<p>Para promover la actividad f\u00edsica y mejorar la calidad de vida de los benitojuarenses e inhibir problem\u00e1ticas en ni\u00f1os, j\u00f3venes y adultos.<\/p>\n<p>Ademas que\u00a0se dieron apoyos con incentivos a m\u00e1s de mil 50 atletas seleccionados a eventos regionales, estatales, nacionales y en algunos casos internacionales.<\/p>\n<p>As\u00ed como la realizaci\u00f3n de eventos de este rubro en las regiones con m\u00e1s de mil asistentes.<\/p>\n<p>Por ende, la apertura de la escuela para formaci\u00f3n en paratletismo y el mantenimiento a 128 instalaciones deportivas que ocupan m\u00e1s de 150 mil ciudadanos.<\/p>\n<p>En temas art\u00edsticos y culturales, se realizaron eventos y presentaciones art\u00edsticas como la XI Edici\u00f3n del Festival Cena de \u00c1nimas, \u201cHanal Pix\u00e1n\u201d.<\/p>\n<p>La cual fue\u00a0en la delegaci\u00f3n de Puerto Ju\u00e1rez, Primer Desfile Navide\u00f1o 2021, Primer Desfile Navide\u00f1o de la Esperanza \u201cSanta Claus llega al Mar\u201d.<\/p>\n<p>As\u00ed como de la Festival Navide\u00f1o de la Esperanza, Concierto por la Paz.<\/p>\n<p>Adem\u00e1s de numerosas ediciones de programas como Noches Caribe\u00f1as, y \u201cCultura y Arte en cada Rinc\u00f3n de Canc\u00fan\u201d, por mencionar algunos.<\/p>\n<p>Esto, como parte de la reconstrucci\u00f3n del tejido social, reducir las brechas de desigualdad.<\/p>\n<p>As\u00ed como de\u00a0atender las causas que originan la violencia y proponer soluciones mediante la prevenci\u00f3n, integraci\u00f3n familiar y recreaci\u00f3n.<\/p>\n<p>Con esto, Resaltan en Canc\u00fan acciones a favor de la paz<\/p>\n","protected":false},"excerpt":{"rendered":"<p>Para promover la actividad f\u00edsica y mejorar la calidad de vida e inhibir problem\u00e1ticas en ni\u00f1os, j\u00f3venes y adultos, se dieron apoyos. Acciones a favor de la paz: De acuerdo con la encargada de despacho de la Presidencia Municipal de Benito Ju\u00e1rez, Lourdes Latife Cardona Muza. Ademas que durante el primer a\u00f1o de la presente [&hellip;]<\/p>\n","protected":false},"author":1,"featured_media":9044,"comment_status":"open","ping_status":"closed","sticky":false,"template":"","format":"standard","meta":{"footnotes":""},"categories":[6,10],"tags":[],"class_list":["post-9042","post","type-post","status-publish","format-standard","has-post-thumbnail","hentry","category-local","category-quintana-roo"],"_links":{"self":[{"href":"https:\/\/podernacional.com\/index.php?rest_route=\/wp\/v2\/posts\/9042","targetHints":{"allow":["GET"]}}],"collection":[{"href":"https:\/\/podernacional.com\/index.php?rest_route=\/wp\/v2\/posts"}],"about":[{"href":"https:\/\/podernacional.com\/index.php?rest_route=\/wp\/v2\/types\/post"}],"author":[{"embeddable":true,"href":"https:\/\/podernacional.com\/index.php?rest_route=\/wp\/v2\/users\/1"}],"replies":[{"embeddable":true,"href":"https:\/\/podernacional.com\/index.php?rest_route=%2Fwp%2Fv2%2Fcomments&post=9042"}],"version-history":[{"count":1,"href":"https:\/\/podernacional.com\/index.php?rest_route=\/wp\/v2\/posts\/9042\/revisions"}],"predecessor-version":[{"id":9043,"href":"https:\/\/podernacional.com\/index.php?rest_route=\/wp\/v2\/posts\/9042\/revisions\/9043"}],"wp:featuredmedia":[{"embeddable":true,"href":"https:\/\/podernacional.com\/index.php?rest_route=\/wp\/v2\/media\/9044"}],"wp:attachment":[{"href":"https:\/\/podernacional.com\/index.php?rest_route=%2Fwp%2Fv2%2Fmedia&parent=9042"}],"wp:term":[{"taxonomy":"category","embeddable":true,"href":"https:\/\/podernacional.com\/index.php?rest_route=%2Fwp%2Fv2%2Fcategories&post=9042"},{"taxonomy":"post_tag","embeddable":true,"href":"https:\/\/podernacional.com\/index.php?rest_route=%2Fwp%2Fv2%2Ftags&post=9042"}],"curies":[{"name":"wp","href":"https:\/\/api.w.org\/{rel}","templated":true}]}}