{"id":9048,"date":"2022-09-14T20:28:53","date_gmt":"2022-09-15T01:28:53","guid":{"rendered":"https:\/\/podernacional.com\/?p=9048"},"modified":"2022-09-15T01:28:55","modified_gmt":"2022-09-15T01:28:55","slug":"medio-ambiente-eje-transversal-para-el-gobierno-de-zacatecas","status":"publish","type":"post","link":"https:\/\/podernacional.com\/?p=9048","title":{"rendered":"Medio Ambiente, eje transversal para el Gobierno de Zacatecas"},"content":{"rendered":"<h4>A trav\u00e9s de SAMA, ha emprendido acciones ambientales para el beneficio de las y los zacatecanos<\/h4>\n<p>Medio Ambiente: Realizan reforestaciones, entrega de jardines polinizadores, campa\u00f1as de recolecci\u00f3n de residuos electr\u00f3nicos, medicamentos caducos, colillas de cigarro y aceites de uso comestible<\/p>\n<p>Adeams de generar una pol\u00edtica medioambiental sustentable es una prioridad para la nueva gobernanza.<\/p>\n<p>As\u00ed como de estar integrada en el Programa Estatal de Desarrollo 2021-2027.<\/p>\n<p>Ademas de la misma que se implement\u00f3 desde el primer d\u00eda de la administraci\u00f3n que encabeza el Gobernador David Monreal \u00c1vila.<\/p>\n<p>Se realizan acciones concretas como la restauraci\u00f3n de las zonas deforestadas en la entidad, con la integraci\u00f3n de especies end\u00e9micas.<\/p>\n<p>Igualmente de\u00a0la conformaci\u00f3n de jardines polinizadores; la recolecci\u00f3n de residuos electr\u00f3nicos.<\/p>\n<p>Adem\u00e1s de coadyuvar en la mejora de la ley para el bienestar y protecci\u00f3n de los animales,\u00a0la actualizaci\u00f3n de la ley de cambio clim\u00e1tico.<\/p>\n<p>Como parte de las acciones en materia ambiental, enfocadas en la conservaci\u00f3n y preservaci\u00f3n de la biodiversidad y de los ecosistemas.<\/p>\n<h4>Ademas del Gobierno de Zacatecas, a trav\u00e9s de la Secretar\u00eda del Agua y Medio Ambiente (SAMA), este a\u00f1o.<\/h4>\n<p>As\u00ed como que\u00a0entreg\u00f3 a la Universidad Tecnol\u00f3gica del Estado de Zacatecas y el municipio de Cuauht\u00e9moc.<\/p>\n<p>Mencionan que igualmente\u00a0dos jardines polinizadores que servir\u00e1n de refugio y de alimento a las abejas, las mariposas y las aves.<\/p>\n<p>Cada jard\u00edn cuenta con 317 especies end\u00e9micas:<\/p>\n<p>Zanisos, Cord\u00f3n de San Francisco, Lantana, Mirto, Roelia, Muicle y Tronadora; los jardines fueron donados, mediante gesti\u00f3n.<\/p>\n<p>As\u00ed como por la Asociaci\u00f3n Civil Especies Sociedad y H\u00e1bitat y el Fondo Mundial para la Naturaleza (WWF, en ingl\u00e9s World Wildlife Fund).<\/p>\n<p>Zacatecas cuenta con cuatro \u00e1reas naturales protegidas de control estatal:<\/p>\n<p>La Quemada, con una extensi\u00f3n de 217 hect\u00e1reas; La Ruta Huichola, que abarca 60 mil 500 hect\u00e1reas; el Cedral, con mil hect\u00e1reas.<\/p>\n<p>Ademas\u00a0del Parque Ecol\u00f3gico Centenario \u201cToma de Zacatecas\u201d que contempla 100 hect\u00e1reas.<\/p>\n<h4>En este \u00faltimo se han realizado ocho reforestaciones, entre ellas el camell\u00f3n frontal (vialidad Vetagrande).<\/h4>\n<p>Con la plantaci\u00f3n de 90 \u00e1rboles adultos (4 a\u00f1os de edad), de una altura de 1.7 metros y 3 pulgadas de di\u00e1metro de tallo.<\/p>\n<p>Igualmente como\u00a0de especies de pino Greggi, Pi\u00f1onero y Azul.<\/p>\n<p>Con un total de 1 mil 750 \u00e1rboles, se forest\u00f3 con especies end\u00e9micas (mezquites, pinos y cedros).<\/p>\n<p>Las zonas afectadas por la desertificaci\u00f3n e incendios forestales, como el cerro de la Bufa, el arroyo Matamoros en el municipio de Calera.<\/p>\n<p>El cual es el camell\u00f3n central del Parque Industrial Lear en Morelos, el parque La Encantada, las instalaciones de SEDIF, el centro Platero.<\/p>\n<p>As\u00ed como de\u00a0diversas instituciones educativas; asimismo, se plantaron tres Ahuehuetes, dos en \u00e1reas verdes de las instalaciones de Ciudad Administrativa.<\/p>\n<h4>Ademas de uno en el parque La Encantada.<\/h4>\n<p>Se realiz\u00f3 la campa\u00f1a Recicl\u00f3n 2022, cuyo objetivo es generar conciencia en la ciudadan\u00eda sobre la correcta disposici\u00f3n final de los residuos electr\u00f3nicos.<\/p>\n<p>Este a\u00f1o se recolectaron 120 toneladas de residuos electr\u00f3nicos y electrodom\u00e9sticos.<\/p>\n<p>Para ello, se instalaron 40 centros de acopio en municipios; el trabajo coordinado con autoridades de los ayuntamientos.<\/p>\n<p>El cual permiti\u00f3 el traslado de estos residuos al centro de acopio central, instalado en el Ecoparque Centenario.<\/p>\n","protected":false},"excerpt":{"rendered":"<p>A trav\u00e9s de SAMA, ha emprendido acciones ambientales para el beneficio de las y los zacatecanos Medio Ambiente: Realizan reforestaciones, entrega de jardines polinizadores, campa\u00f1as de recolecci\u00f3n de residuos electr\u00f3nicos, medicamentos caducos, colillas de cigarro y aceites de uso comestible Adeams de generar una pol\u00edtica medioambiental sustentable es una prioridad para la nueva gobernanza. As\u00ed [&hellip;]<\/p>\n","protected":false},"author":1,"featured_media":9050,"comment_status":"open","ping_status":"closed","sticky":false,"template":"","format":"standard","meta":{"footnotes":""},"categories":[2,7],"tags":[],"class_list":["post-9048","post","type-post","status-publish","format-standard","has-post-thumbnail","hentry","category-cultural","category-nacional"],"_links":{"self":[{"href":"https:\/\/podernacional.com\/index.php?rest_route=\/wp\/v2\/posts\/9048","targetHints":{"allow":["GET"]}}],"collection":[{"href":"https:\/\/podernacional.com\/index.php?rest_route=\/wp\/v2\/posts"}],"about":[{"href":"https:\/\/podernacional.com\/index.php?rest_route=\/wp\/v2\/types\/post"}],"author":[{"embeddable":true,"href":"https:\/\/podernacional.com\/index.php?rest_route=\/wp\/v2\/users\/1"}],"replies":[{"embeddable":true,"href":"https:\/\/podernacional.com\/index.php?rest_route=%2Fwp%2Fv2%2Fcomments&post=9048"}],"version-history":[{"count":1,"href":"https:\/\/podernacional.com\/index.php?rest_route=\/wp\/v2\/posts\/9048\/revisions"}],"predecessor-version":[{"id":9049,"href":"https:\/\/podernacional.com\/index.php?rest_route=\/wp\/v2\/posts\/9048\/revisions\/9049"}],"wp:featuredmedia":[{"embeddable":true,"href":"https:\/\/podernacional.com\/index.php?rest_route=\/wp\/v2\/media\/9050"}],"wp:attachment":[{"href":"https:\/\/podernacional.com\/index.php?rest_route=%2Fwp%2Fv2%2Fmedia&parent=9048"}],"wp:term":[{"taxonomy":"category","embeddable":true,"href":"https:\/\/podernacional.com\/index.php?rest_route=%2Fwp%2Fv2%2Fcategories&post=9048"},{"taxonomy":"post_tag","embeddable":true,"href":"https:\/\/podernacional.com\/index.php?rest_route=%2Fwp%2Fv2%2Ftags&post=9048"}],"curies":[{"name":"wp","href":"https:\/\/api.w.org\/{rel}","templated":true}]}}