{"id":9051,"date":"2022-09-14T20:33:55","date_gmt":"2022-09-15T01:33:55","guid":{"rendered":"https:\/\/podernacional.com\/?p=9051"},"modified":"2022-09-15T01:33:56","modified_gmt":"2022-09-15T01:33:56","slug":"ha-sido-un-privilegio-servir-a-quintana-roo-carlos-joaquin","status":"publish","type":"post","link":"https:\/\/podernacional.com\/?p=9051","title":{"rendered":"Ha sido un privilegio servir a Quintana Roo: Carlos Joaqu\u00edn"},"content":{"rendered":"<h4>Al asistir hoy a los primeros informes municipales de L\u00e1zaro C\u00e1rdenas, Puerto Morelos y Benito Ju\u00e1rez.<\/h4>\n<p><a href=\"https:\/\/twitter.com\/CarlosJoaquin\">Carlos Joaqu\u00edn<\/a>: Ademas que el gobernador Carlos Joaqu\u00edn expres\u00f3 que ha sido un privilegio servir a Quintana Roo y a los quintanarroenses<\/p>\n<p>Al asistir hoy a los primeros informes municipales de L\u00e1zaro C\u00e1rdenas, Puerto Morelos y Benito Ju\u00e1rez.<\/p>\n<p>As\u00ed como el gobernador Carlos Joaqu\u00edn expres\u00f3 que ha sido un privilegio servir a Quintana Roo y a los quintanarroenses.<\/p>\n<p>En cada una de las sesiones solemnes de cabildo, afirm\u00f3 que desde cualquier trinchera seguir\u00e1 contribuyendo al bienestar del Estado.<\/p>\n<p>\u201cPorque los cargos son pasajeros, pero el amor a Quintana Roo es eterno\u201d.<\/p>\n<p>Ante los ciudadanos de cada uno de los municipios, el gobernador de Quintana Roo asegur\u00f3 que siempre trabaj\u00f3 por la unidad.<\/p>\n<p>Ademas del porque la diversidad no significa divisi\u00f3n ni uniformidad, es mucho lo que juntas y juntos hemos logrado.<\/p>\n<h4>As\u00ed como de mucho m\u00e1s es lo que hay que seguir trabajando por el porvenir de Quintana Roo\u201d.<\/h4>\n<p>A unos d\u00edas de concluir su mandato como gobernador de Quintana Roo, Carlos Joaqu\u00edn expres\u00f3 palabras de agradecimiento.<\/p>\n<p>\u201cDurante seis a\u00f1os, acompa\u00f1ado de las y los quintanarroenses, trabaj\u00e9 para impulsar los grandes cambios que el estado requer\u00eda\u201d.<\/p>\n<p>\u201cCon un pleno respeto al trabajo de los poderes Legislativo y Judicial y de los gobiernos municipales\u201d cit\u00f3.<\/p>\n<p>Al mediod\u00eda estuvo en L\u00e1zaro C\u00e1rdenas para acompa\u00f1ar al presidente municipal Orlando Emir Bellos Tun en su informe de gobierno.<\/p>\n<p>Por la tarde hizo lo propio en Puerto Morelos con Blanca Merari Tziu Mu\u00f1oz.<\/p>\n<p>As\u00ed como por la noche en Benito Ju\u00e1rez para escuchar a la Encargada de Despacho Lourdes Latife Cardona Muza.<\/p>\n<p>En cada uno de los informes se cumplieron con los protocolos y las disposiciones legalmente establecidas.<\/p>\n<p>Ademas con la presencia de los tres poderes del Estado, para dar cuenta del estado que guarda la administraci\u00f3n p\u00fablica municipal.<\/p>\n","protected":false},"excerpt":{"rendered":"<p>Al asistir hoy a los primeros informes municipales de L\u00e1zaro C\u00e1rdenas, Puerto Morelos y Benito Ju\u00e1rez. Carlos Joaqu\u00edn: Ademas que el gobernador Carlos Joaqu\u00edn expres\u00f3 que ha sido un privilegio servir a Quintana Roo y a los quintanarroenses Al asistir hoy a los primeros informes municipales de L\u00e1zaro C\u00e1rdenas, Puerto Morelos y Benito Ju\u00e1rez. As\u00ed [&hellip;]<\/p>\n","protected":false},"author":1,"featured_media":9053,"comment_status":"open","ping_status":"closed","sticky":false,"template":"","format":"standard","meta":{"footnotes":""},"categories":[6,10],"tags":[],"class_list":["post-9051","post","type-post","status-publish","format-standard","has-post-thumbnail","hentry","category-local","category-quintana-roo"],"_links":{"self":[{"href":"https:\/\/podernacional.com\/index.php?rest_route=\/wp\/v2\/posts\/9051","targetHints":{"allow":["GET"]}}],"collection":[{"href":"https:\/\/podernacional.com\/index.php?rest_route=\/wp\/v2\/posts"}],"about":[{"href":"https:\/\/podernacional.com\/index.php?rest_route=\/wp\/v2\/types\/post"}],"author":[{"embeddable":true,"href":"https:\/\/podernacional.com\/index.php?rest_route=\/wp\/v2\/users\/1"}],"replies":[{"embeddable":true,"href":"https:\/\/podernacional.com\/index.php?rest_route=%2Fwp%2Fv2%2Fcomments&post=9051"}],"version-history":[{"count":1,"href":"https:\/\/podernacional.com\/index.php?rest_route=\/wp\/v2\/posts\/9051\/revisions"}],"predecessor-version":[{"id":9052,"href":"https:\/\/podernacional.com\/index.php?rest_route=\/wp\/v2\/posts\/9051\/revisions\/9052"}],"wp:featuredmedia":[{"embeddable":true,"href":"https:\/\/podernacional.com\/index.php?rest_route=\/wp\/v2\/media\/9053"}],"wp:attachment":[{"href":"https:\/\/podernacional.com\/index.php?rest_route=%2Fwp%2Fv2%2Fmedia&parent=9051"}],"wp:term":[{"taxonomy":"category","embeddable":true,"href":"https:\/\/podernacional.com\/index.php?rest_route=%2Fwp%2Fv2%2Fcategories&post=9051"},{"taxonomy":"post_tag","embeddable":true,"href":"https:\/\/podernacional.com\/index.php?rest_route=%2Fwp%2Fv2%2Ftags&post=9051"}],"curies":[{"name":"wp","href":"https:\/\/api.w.org\/{rel}","templated":true}]}}