{"id":9054,"date":"2022-09-14T20:38:30","date_gmt":"2022-09-15T01:38:30","guid":{"rendered":"https:\/\/podernacional.com\/?p=9054"},"modified":"2022-09-15T01:38:31","modified_gmt":"2022-09-15T01:38:31","slug":"inflacion-golpea-salud-de-mexicanos-estos-son-los-productos-que-mas-subieron-de-precio","status":"publish","type":"post","link":"https:\/\/podernacional.com\/?p=9054","title":{"rendered":"Inflaci\u00f3n \u2018golpea\u2019 salud de mexicanos: Estos son los productos que m\u00e1s subieron de precio"},"content":{"rendered":"<h4>Agosto fue el mes m\u00e1s caro para los medicamentos en M\u00e9xico, seg\u00fan las estad\u00edsticas del INEGI.<\/h4>\n<p>Inflaci\u00f3n: La inflaci\u00f3n en el sector salud en <a href=\"https:\/\/whatsappmexico.com\/?p=9150\">M\u00e9xico<\/a> contin\u00fao con su tendencia alcista en agosto y alcanz\u00f3 su mayor nivel en poco m\u00e1s de 18 a\u00f1os.<\/p>\n<p>Ademas,\u00a0impulsado por un alza en los expectorantes y descongestivos.<\/p>\n<p>As\u00ed como analg\u00e9sicos y antigripales, seg\u00fan datos del Instituto Nacional de Estad\u00edstica y Geograf\u00eda (<a href=\"https:\/\/www.inegi.org.mx\/\">INEGI<\/a>) .<\/p>\n<p>De acuerdo con datos del \u00cdndice Nacional de Precios al Consumidor (INPC).<\/p>\n<p>Esto afectando el \u00edndice del sector salud aument\u00f3 a 5.86 por ciento anual en el octavo mes del a\u00f1o.<\/p>\n<p>Ademas que su registr\u00f3 m\u00e1s alto desde marzo del 2004, cuando se posicion\u00f3 en 6.24 por ciento.<\/p>\n<p>Entre los bienes y productos que subieron m\u00e1s sus precios se encuentran los expectorantes y descongestivos con 10.52 por ciento.<\/p>\n<p>Esto,\u00a0seguido por los analg\u00e9sicos con 8.83 por ciento; los antigripales escalaron a 8.48 por ciento.<\/p>\n<h4>A esta lista contin\u00faa, los lentes, aparatos para sordera y ortop\u00e9dicos con 8.01 por ciento y los medicamentos para diabetes con 7.56 por ciento.<\/h4>\n<p>Por su parte, la consulta m\u00e9dica subi\u00f3 5.51 por ciento y la hospitalizaci\u00f3n para el parto 5.50 por ciento.<\/p>\n<p>Inflaci\u00f3n sube y sube en segundo semestre de 2022<\/p>\n<p>El \u00cdndice Nacional de Precios al Consumidor (INPC) nuevamente subi\u00f3 y registr\u00f3 una variaci\u00f3n anual de 8.62 por ciento en la primera quincena de agosto.<\/p>\n<p>La inflaci\u00f3n se ve presionada por el incremento en los precios de la cebolla, papa y otros tub\u00e9rculos, naranja, sand\u00eda y gas dom\u00e9stico natural.<\/p>\n<p>De acuerdo con el Instituto Nacional de Estad\u00edstica y Geograf\u00eda (Inegi).<\/p>\n<p>Menciona que ademas el INPC registr\u00f3 su nivel m\u00e1s alto desde la segunda quincena de diciembre del 2000, cuando se ubic\u00f3 en 8.87 por ciento.<\/p>\n<p>Tasa de la Fed, \u2018ojo\u2019 a este dato: inflaci\u00f3n de EU sube a 8.3% en agosto<\/p>\n<p>As\u00ed, la inflaci\u00f3n se ha ubicado 35 quincenas consecutivas por encima del rango objetivo fijado.<\/p>\n<p>Esto\u00a0por el Banco de M\u00e9xico (3 por ciento, +\/- un punto porcentual).<\/p>\n<p>El resultado del INPC estuvo ligeramente por encima de las expectativas del mercado.<\/p>\n<p>Ademas del cual estimaba 8.5 por ciento a tasa anual, de acuerdo con Citibanamex.<\/p>\n","protected":false},"excerpt":{"rendered":"<p>Agosto fue el mes m\u00e1s caro para los medicamentos en M\u00e9xico, seg\u00fan las estad\u00edsticas del INEGI. Inflaci\u00f3n: La inflaci\u00f3n en el sector salud en M\u00e9xico contin\u00fao con su tendencia alcista en agosto y alcanz\u00f3 su mayor nivel en poco m\u00e1s de 18 a\u00f1os. Ademas,\u00a0impulsado por un alza en los expectorantes y descongestivos. As\u00ed como analg\u00e9sicos [&hellip;]<\/p>\n","protected":false},"author":1,"featured_media":9056,"comment_status":"open","ping_status":"closed","sticky":false,"template":"","format":"standard","meta":{"footnotes":""},"categories":[7,11],"tags":[],"class_list":["post-9054","post","type-post","status-publish","format-standard","has-post-thumbnail","hentry","category-nacional","category-salud"],"_links":{"self":[{"href":"https:\/\/podernacional.com\/index.php?rest_route=\/wp\/v2\/posts\/9054","targetHints":{"allow":["GET"]}}],"collection":[{"href":"https:\/\/podernacional.com\/index.php?rest_route=\/wp\/v2\/posts"}],"about":[{"href":"https:\/\/podernacional.com\/index.php?rest_route=\/wp\/v2\/types\/post"}],"author":[{"embeddable":true,"href":"https:\/\/podernacional.com\/index.php?rest_route=\/wp\/v2\/users\/1"}],"replies":[{"embeddable":true,"href":"https:\/\/podernacional.com\/index.php?rest_route=%2Fwp%2Fv2%2Fcomments&post=9054"}],"version-history":[{"count":1,"href":"https:\/\/podernacional.com\/index.php?rest_route=\/wp\/v2\/posts\/9054\/revisions"}],"predecessor-version":[{"id":9055,"href":"https:\/\/podernacional.com\/index.php?rest_route=\/wp\/v2\/posts\/9054\/revisions\/9055"}],"wp:featuredmedia":[{"embeddable":true,"href":"https:\/\/podernacional.com\/index.php?rest_route=\/wp\/v2\/media\/9056"}],"wp:attachment":[{"href":"https:\/\/podernacional.com\/index.php?rest_route=%2Fwp%2Fv2%2Fmedia&parent=9054"}],"wp:term":[{"taxonomy":"category","embeddable":true,"href":"https:\/\/podernacional.com\/index.php?rest_route=%2Fwp%2Fv2%2Fcategories&post=9054"},{"taxonomy":"post_tag","embeddable":true,"href":"https:\/\/podernacional.com\/index.php?rest_route=%2Fwp%2Fv2%2Ftags&post=9054"}],"curies":[{"name":"wp","href":"https:\/\/api.w.org\/{rel}","templated":true}]}}