{"id":9066,"date":"2022-09-15T17:58:35","date_gmt":"2022-09-15T22:58:35","guid":{"rendered":"https:\/\/podernacional.com\/?p=9066"},"modified":"2022-09-15T22:58:37","modified_gmt":"2022-09-15T22:58:37","slug":"15-de-septiembre-de-2022-dia-internacional-de-la-democracia","status":"publish","type":"post","link":"https:\/\/podernacional.com\/?p=9066","title":{"rendered":"15 de septiembre de 2022: D\u00eda Internacional de la Democracia"},"content":{"rendered":"<h4>La Asamblea General de las Naciones Unidas estableci\u00f3 en 2007 que cada 15 de septiembre se celebrar\u00eda el D\u00eda Internacional de la Democracia<\/h4>\n<p>D\u00eda Internacional de la Democracia: Cada a\u00f1o el D\u00eda Internacional de la Democracia trabaja en torno a un lema.<\/p>\n<p>Este a\u00f1o 2022 es \u00abProteger la Libertad de Prensa para la Democracia\u00bb.<\/p>\n<p>El declive de la libertad de prensa ha sido experimentado por un 85% de la poblaci\u00f3n mundial en estos \u00faltimos cinco a\u00f1os.<\/p>\n<p>Con el fin de proteger a los medios de comunicaci\u00f3n, de forma libre, independiente y plural.<\/p>\n<p>Ademas que\u00a0para que puedan despe\u00f1ar su funci\u00f3n correctamente: informar a las personas sobre cuestiones de inter\u00e9s p\u00fablico.<\/p>\n<p>En a\u00f1os anteriores se trabajo en lemas como \u00abFortalecer la resiliencia democr\u00e1tica para afrontar futuras crisis\u00bb en 2021.<\/p>\n<p>Con esto,\u00a0\u00abUn reto para las democracias debido al COVID-19\u00bb en 2020.<\/p>\n<h4>Se pidi\u00f3 resiliencia ante futuras crisis para proteger la democracia.<\/h4>\n<p>Ademas que en\u00a0el cumplimiento de los derechos humanos ante las adversidades y crisis que se puedan avecinar.<\/p>\n<p>Tres ciudadanas de Hong Kong protestan contra la ley de seguridad nacional que ha permitido al Gobierno chino.<\/p>\n<p>Por ende el\u00a0actuar contra la oposici\u00f3n democr\u00e1tica de la excolonia inglesa<\/p>\n<h4>Origen del D\u00eda de la Democracia<\/h4>\n<p>Fue un 15 de septiembre de 1997 el d\u00eda en el que la Uni\u00f3n Interparlamentaria adopt\u00f3 la Declaraci\u00f3n Universal de Democracia.<\/p>\n<p>Ademas que tras las sucesivas Conferencias Internacionales sobre Democracias Nuevas y Restauradas que tuvieron comienzo en 1988 por iniciativa de la Presidenta Coraz\u00f3n Aquino.<\/p>\n<p>El consejo asesor de Qatar, pa\u00eds anfitri\u00f3n de las conferencias, promovi\u00f3 un d\u00eda internacional para la democracia.<\/p>\n<p>Se lleg\u00f3 incluso a redactar un borrador de la resoluci\u00f3n que habr\u00eda de adoptar la Asamblea General de las Naciones Unidas.<\/p>\n<p>Tras ser considerado por varios pa\u00edses miembros de la ONU se acept\u00f3 el 15 de septiembre como fecha de conmemoraci\u00f3n.<\/p>\n","protected":false},"excerpt":{"rendered":"<p>La Asamblea General de las Naciones Unidas estableci\u00f3 en 2007 que cada 15 de septiembre se celebrar\u00eda el D\u00eda Internacional de la Democracia D\u00eda Internacional de la Democracia: Cada a\u00f1o el D\u00eda Internacional de la Democracia trabaja en torno a un lema. Este a\u00f1o 2022 es \u00abProteger la Libertad de Prensa para la Democracia\u00bb. El [&hellip;]<\/p>\n","protected":false},"author":1,"featured_media":9068,"comment_status":"open","ping_status":"closed","sticky":false,"template":"","format":"standard","meta":{"footnotes":""},"categories":[2,5,7,9],"tags":[],"class_list":["post-9066","post","type-post","status-publish","format-standard","has-post-thumbnail","hentry","category-cultural","category-internacional","category-nacional","category-politica"],"_links":{"self":[{"href":"https:\/\/podernacional.com\/index.php?rest_route=\/wp\/v2\/posts\/9066","targetHints":{"allow":["GET"]}}],"collection":[{"href":"https:\/\/podernacional.com\/index.php?rest_route=\/wp\/v2\/posts"}],"about":[{"href":"https:\/\/podernacional.com\/index.php?rest_route=\/wp\/v2\/types\/post"}],"author":[{"embeddable":true,"href":"https:\/\/podernacional.com\/index.php?rest_route=\/wp\/v2\/users\/1"}],"replies":[{"embeddable":true,"href":"https:\/\/podernacional.com\/index.php?rest_route=%2Fwp%2Fv2%2Fcomments&post=9066"}],"version-history":[{"count":1,"href":"https:\/\/podernacional.com\/index.php?rest_route=\/wp\/v2\/posts\/9066\/revisions"}],"predecessor-version":[{"id":9067,"href":"https:\/\/podernacional.com\/index.php?rest_route=\/wp\/v2\/posts\/9066\/revisions\/9067"}],"wp:featuredmedia":[{"embeddable":true,"href":"https:\/\/podernacional.com\/index.php?rest_route=\/wp\/v2\/media\/9068"}],"wp:attachment":[{"href":"https:\/\/podernacional.com\/index.php?rest_route=%2Fwp%2Fv2%2Fmedia&parent=9066"}],"wp:term":[{"taxonomy":"category","embeddable":true,"href":"https:\/\/podernacional.com\/index.php?rest_route=%2Fwp%2Fv2%2Fcategories&post=9066"},{"taxonomy":"post_tag","embeddable":true,"href":"https:\/\/podernacional.com\/index.php?rest_route=%2Fwp%2Fv2%2Ftags&post=9066"}],"curies":[{"name":"wp","href":"https:\/\/api.w.org\/{rel}","templated":true}]}}