{"id":9069,"date":"2022-09-15T18:02:24","date_gmt":"2022-09-15T23:02:24","guid":{"rendered":"https:\/\/podernacional.com\/?p=9069"},"modified":"2022-09-15T23:02:25","modified_gmt":"2022-09-15T23:02:25","slug":"rinden-protesta-funcionarios-en-nuevas-encomiendas","status":"publish","type":"post","link":"https:\/\/podernacional.com\/?p=9069","title":{"rendered":"Rinden protesta funcionarios en nuevas encomiendas"},"content":{"rendered":"<h4>El Cabildo de Benito Ju\u00e1rez acept\u00f3 y tom\u00f3 protesta a funcionarios que asumieron diferentes cargos para el ejercicio correspondiente.<\/h4>\n<p>Rinden protesta: Adem\u00e1s de aprobar por unanimidad el Programa de Desarrollo Urbano del Centro de Poblaci\u00f3n Canc\u00fan, municipio de Benito Ju\u00e1rez, Quintana Roo 2022.<\/p>\n<p>Al encabezar la sesi\u00f3n en el \u00a0sal\u00f3n \u201c20 de abril\u201d, la encargada de despacho de la Presidencia Municipal, Lourdes Latife Cardona Muz.<\/p>\n<p>Con esto ella, detall\u00f3 los nombramientos y cargos de los funcionarios que continuar\u00e1n en la transformaci\u00f3n para el municipio.<\/p>\n<p>El cuerpo cabildar acept\u00f3 y tom\u00f3 protesta a Pablo Guti\u00e9rrez Fern\u00e1ndez como S\u00edndico Municipal.<\/p>\n<p>A\u00a0Virginia Guadalupe Poot Vega, como Contralor Municipal.<\/p>\n<p>Al igual que a Franntz Johann Ancira Mart\u00ednez como director del organismo descentralizado Soluci\u00f3n Integral de Residuos S\u00f3lidos (Siresol).<\/p>\n<p>Por ultimo a Danielle Camargo D\u00e1vila Madrid en el Instituto Municipal de la Juventud (IMJUVE).<\/p>\n<p>Entre otros temas, el Programa de Desarrollo Urbano (PDU), regula la realizaci\u00f3n de proyectos estrat\u00e9gicos, los cuales rinden protesta .<\/p>\n<p>Esto, entre los que se encuentran infraestructura y equipamiento urbano, sistema de movilidad, nuevas vialidades, conservaci\u00f3n.<\/p>\n<p>As\u00ed como de\u00a0crecimiento, mejoramiento y consolidaci\u00f3n de la ciudad.<\/p>\n<h4>La Encargada de Despacho del Ayuntamiento.<\/h4>\n<p>Ademas que se resalt\u00f3 que recientemente se present\u00f3 la propuesta del documento final ante el Consejo Municipal de Ordenamiento Territorial.<\/p>\n<p>Igualmente como el Ecol\u00f3gico y Desarrollo Urbano, conformado por diferentes sectores sociales y expertos.<\/p>\n<p>\u201cTodas las \u00e1reas coincidieron en la necesidad de reactivar la ciudad y promover un crecimiento ordenado, pero con planeaci\u00f3n\u201d.<\/p>\n<p>\u201cSeremos vigilantes para que se respete lo que se plante\u00f3 en el instrumento\u201d, afirm\u00f3.<\/p>\n<p>Seguidamente, se instruy\u00f3 la publicaci\u00f3n de dicha normativa en el Peri\u00f3dico Oficial del Estado de Quintana Roo.<\/p>\n<p>As\u00ed como en la Gaceta Oficial del Municipio y en medios informativos y digitales para conocimiento general de la ciudadan\u00eda.<\/p>\n<p>Adem\u00e1s de que se enfatiz\u00f3 que queda abrogado el Programa Municipal para el Desarrollo Urbano de Benito Ju\u00e1rez, Quintana Roo 2018-2030.<\/p>\n<p>Esto\u00a0publicado el 17 de abril de 2019.<\/p>\n","protected":false},"excerpt":{"rendered":"<p>El Cabildo de Benito Ju\u00e1rez acept\u00f3 y tom\u00f3 protesta a funcionarios que asumieron diferentes cargos para el ejercicio correspondiente. Rinden protesta: Adem\u00e1s de aprobar por unanimidad el Programa de Desarrollo Urbano del Centro de Poblaci\u00f3n Canc\u00fan, municipio de Benito Ju\u00e1rez, Quintana Roo 2022. Al encabezar la sesi\u00f3n en el \u00a0sal\u00f3n \u201c20 de abril\u201d, la encargada [&hellip;]<\/p>\n","protected":false},"author":1,"featured_media":9071,"comment_status":"open","ping_status":"closed","sticky":false,"template":"","format":"standard","meta":{"footnotes":""},"categories":[6,9,10],"tags":[],"class_list":["post-9069","post","type-post","status-publish","format-standard","has-post-thumbnail","hentry","category-local","category-politica","category-quintana-roo"],"_links":{"self":[{"href":"https:\/\/podernacional.com\/index.php?rest_route=\/wp\/v2\/posts\/9069","targetHints":{"allow":["GET"]}}],"collection":[{"href":"https:\/\/podernacional.com\/index.php?rest_route=\/wp\/v2\/posts"}],"about":[{"href":"https:\/\/podernacional.com\/index.php?rest_route=\/wp\/v2\/types\/post"}],"author":[{"embeddable":true,"href":"https:\/\/podernacional.com\/index.php?rest_route=\/wp\/v2\/users\/1"}],"replies":[{"embeddable":true,"href":"https:\/\/podernacional.com\/index.php?rest_route=%2Fwp%2Fv2%2Fcomments&post=9069"}],"version-history":[{"count":1,"href":"https:\/\/podernacional.com\/index.php?rest_route=\/wp\/v2\/posts\/9069\/revisions"}],"predecessor-version":[{"id":9070,"href":"https:\/\/podernacional.com\/index.php?rest_route=\/wp\/v2\/posts\/9069\/revisions\/9070"}],"wp:featuredmedia":[{"embeddable":true,"href":"https:\/\/podernacional.com\/index.php?rest_route=\/wp\/v2\/media\/9071"}],"wp:attachment":[{"href":"https:\/\/podernacional.com\/index.php?rest_route=%2Fwp%2Fv2%2Fmedia&parent=9069"}],"wp:term":[{"taxonomy":"category","embeddable":true,"href":"https:\/\/podernacional.com\/index.php?rest_route=%2Fwp%2Fv2%2Fcategories&post=9069"},{"taxonomy":"post_tag","embeddable":true,"href":"https:\/\/podernacional.com\/index.php?rest_route=%2Fwp%2Fv2%2Ftags&post=9069"}],"curies":[{"name":"wp","href":"https:\/\/api.w.org\/{rel}","templated":true}]}}