{"id":9081,"date":"2022-09-15T18:31:43","date_gmt":"2022-09-15T23:31:43","guid":{"rendered":"https:\/\/podernacional.com\/?p=9081"},"modified":"2022-09-15T23:31:44","modified_gmt":"2022-09-15T23:31:44","slug":"semana-del-bienestar-nuestro-barrio-nuestra-salud","status":"publish","type":"post","link":"https:\/\/podernacional.com\/?p=9081","title":{"rendered":"Semana del Bienestar: \u201cNuestro barrio, nuestra salud\u201d"},"content":{"rendered":"<h4>Con el objetivo de promover una vida saludable en las comunidades.<\/h4>\n<p>Semana del Bienestar: Con esto, la cartera sanitaria de manera conjunta con la Organizaci\u00f3n Panamericana de la Salud (OPS) realizar\u00e1 una feria de salud ma\u00f1ana.<\/p>\n<p>Fecha del 16 de septiembre, en la explanada de la XVIII Regi\u00f3n Sanitaria de 08:30 11:00.<\/p>\n<p>La semana del Bienestar es una campa\u00f1a promovida por la OPS, la misma tuvo inicio en el a\u00f1o 2011, a partir del D\u00eda del Bienestar del Caribe.<\/p>\n<p>En esta oportunidad, la celebraci\u00f3n de esta campa\u00f1a es llevada a cabo del 10 al 16 de septiembre bajo el lema \u201cNuestro barrio, nuestra salud\u201d.<\/p>\n<p>Ademas que\u00a0en concordancia con la tem\u00e1tica del D\u00eda Mundial de la Salud \u201cNuestro planeta, nuestra salud\u201d.<\/p>\n<p>En este contexto, el Ministerio de Salud P\u00fablica de manera conjunta con la OPS realizar\u00e1n una feria de salud el d\u00eda 16 de septiembre.<\/p>\n<p>La misma se desarrollar\u00e1 en la explanada de la XVIII Regi\u00f3n Sanitaria- Capital, sobre las calles Brasil y Fulgencio R. Moreno.<\/p>\n<p>Ademas que\u00a0ir\u00e1 de 08:30 a 11:00.<\/p>\n<h4>La actividad es de acceso libre y gratuito y est\u00e1 dirigida a todo p\u00fablico.<\/h4>\n<p>Este evento, es llevado a cabo con la finalidad de fortalecer los entornos saludables y fomentar la participaci\u00f3n.<\/p>\n<p>As\u00ed como del empoderamiento de la comunidad, la semana del Bienestar de este a\u00f1o tiene como objetivo visibilizar la promoci\u00f3n de la salud.<\/p>\n<p>En dichos\u00a0los barrios y las comunidades.<\/p>\n<p>Es importante resaltar, que esta feria, ser\u00e1 un espacio donde habr\u00e1 n\u00fameros art\u00edsticos y la promoci\u00f3n de los h\u00e1bitos saludables dentro de las comunidades capitalinas.<\/p>\n<p>As\u00ed tambi\u00e9n se hace un llamado a todos los pa\u00edses a nivel mundial para promover la salud.<\/p>\n<p>Ademas del bienestar en los barrios a trav\u00e9s de pol\u00edticas p\u00fablicas que mejoren las condiciones en las que viven las personas.<\/p>\n<p>A partir del compromiso de los Estados Miembros con la Estrategia y Plan de Acci\u00f3n sobre la Promoci\u00f3n de la Salud en el contexto de los ODS 2019-2030.<\/p>\n<p>La cual es a fortalecer entornos saludables y facilitar la participaci\u00f3n y el empoderamiento de la comunidad.<\/p>\n<p>Con esto la Semana del Bienestar de este a\u00f1o representa una oportunidad para visibilizar la importancia de los barrios.<\/p>\n<p>As\u00ed como de\u00a0las comunidades como espacios para la promoci\u00f3n de la salud.<\/p>\n","protected":false},"excerpt":{"rendered":"<p>Con el objetivo de promover una vida saludable en las comunidades. Semana del Bienestar: Con esto, la cartera sanitaria de manera conjunta con la Organizaci\u00f3n Panamericana de la Salud (OPS) realizar\u00e1 una feria de salud ma\u00f1ana. Fecha del 16 de septiembre, en la explanada de la XVIII Regi\u00f3n Sanitaria de 08:30 11:00. La semana del [&hellip;]<\/p>\n","protected":false},"author":1,"featured_media":9083,"comment_status":"open","ping_status":"closed","sticky":false,"template":"","format":"standard","meta":{"footnotes":""},"categories":[5,11],"tags":[],"class_list":["post-9081","post","type-post","status-publish","format-standard","has-post-thumbnail","hentry","category-internacional","category-salud"],"_links":{"self":[{"href":"https:\/\/podernacional.com\/index.php?rest_route=\/wp\/v2\/posts\/9081","targetHints":{"allow":["GET"]}}],"collection":[{"href":"https:\/\/podernacional.com\/index.php?rest_route=\/wp\/v2\/posts"}],"about":[{"href":"https:\/\/podernacional.com\/index.php?rest_route=\/wp\/v2\/types\/post"}],"author":[{"embeddable":true,"href":"https:\/\/podernacional.com\/index.php?rest_route=\/wp\/v2\/users\/1"}],"replies":[{"embeddable":true,"href":"https:\/\/podernacional.com\/index.php?rest_route=%2Fwp%2Fv2%2Fcomments&post=9081"}],"version-history":[{"count":1,"href":"https:\/\/podernacional.com\/index.php?rest_route=\/wp\/v2\/posts\/9081\/revisions"}],"predecessor-version":[{"id":9082,"href":"https:\/\/podernacional.com\/index.php?rest_route=\/wp\/v2\/posts\/9081\/revisions\/9082"}],"wp:featuredmedia":[{"embeddable":true,"href":"https:\/\/podernacional.com\/index.php?rest_route=\/wp\/v2\/media\/9083"}],"wp:attachment":[{"href":"https:\/\/podernacional.com\/index.php?rest_route=%2Fwp%2Fv2%2Fmedia&parent=9081"}],"wp:term":[{"taxonomy":"category","embeddable":true,"href":"https:\/\/podernacional.com\/index.php?rest_route=%2Fwp%2Fv2%2Fcategories&post=9081"},{"taxonomy":"post_tag","embeddable":true,"href":"https:\/\/podernacional.com\/index.php?rest_route=%2Fwp%2Fv2%2Ftags&post=9081"}],"curies":[{"name":"wp","href":"https:\/\/api.w.org\/{rel}","templated":true}]}}