{"id":9093,"date":"2022-09-16T20:23:03","date_gmt":"2022-09-17T01:23:03","guid":{"rendered":"https:\/\/podernacional.com\/?p=9093"},"modified":"2022-09-17T01:23:04","modified_gmt":"2022-09-17T01:23:04","slug":"educatec-tendra-espectaculos-gratuitos-para-toda-la-familia","status":"publish","type":"post","link":"https:\/\/podernacional.com\/?p=9093","title":{"rendered":"EducaTec tendr\u00e1 espect\u00e1culos gratuitos para toda la familia"},"content":{"rendered":"<h4>EducaTec, la muestra de arte, ciencia y tecnolog\u00eda que se desarrolla hasta el 21 de septiembre en el Centro de Innovaci\u00f3n del Ministerio de Educaci\u00f3n.<\/h4>\n<p>EducaTec: (Jos\u00e9 Ingenieros 260, Capital) tendr\u00e1 espect\u00e1culos gratuitos para toda la familia durante el fin de semana.<\/p>\n<p>El Ministerio de Cultura de la Naci\u00f3n pone en marcha Festivales Argentinos, una iniciativa que busca fomentar la organizaci\u00f3n de celebraciones culturales populares.<\/p>\n<p>EducaTec surgi\u00f3 en 2016 por iniciativa del ministro, Juan Pablo Lichtmajer.<\/p>\n<p>Este fin de semana la cartelera ser\u00e1 la siguiente:<\/p>\n<h4>S\u00e1bado 17 de septiembre<\/h4>\n<p>17 horas: La Ruth<\/p>\n<p>La actriz, compositora y cantante nos devela su imaginario universo a trav\u00e9s de sus canciones transformadas en relatos sonoros.<\/p>\n<p>Esto\u00a0mientras se mueve el\u00e1sticamente con su voz\u00a0entre el neo-soul, hip-pop pegadizo y beats electr\u00f3nicos.<\/p>\n<p>LaRuth hizo su debut a fines del 2021 con su single y videoclip \u201cFuera de Foco\u201d.<\/p>\n<p>Dicho lanzamiento que le permiti\u00f3 posicionarse entre la nueva generaci\u00f3n de m\u00fasicos y m\u00fasicas de elevada proyecci\u00f3n sonora.<\/p>\n<p>As\u00ed como\u00a0art\u00edstica gest\u00e1ndose en Tucum\u00e1n.<\/p>\n<p>\u201cVoy\u201d su segundo single est\u00e1 pr\u00f3ximo a lanzarse mientras trabaja la producci\u00f3n de un EP y el ensamble de LaRuth en formato banda.<\/p>\n<p>Ademas de estar\u00a0acompa\u00f1ada de los m\u00fasicos Emmanuel Molina en teclados\/samples y Marcos Crosa en bater\u00eda.<\/p>\n<p>EducaTec marca el debut del tr\u00edo en los escenarios.<\/p>\n<p>19 horas: Batalla de Free<\/p>\n<p>Una batalla es un enfrentamiento entre freestylers.<\/p>\n<p>Se centran en el rap improvisado y es evaluado en base a la t\u00e9cnica, la puesta en escena.<\/p>\n<p>As\u00ed como, el flow y la coherencia en los patrones entre muchas otras cosas.<\/p>\n<p>Participar\u00e1n Dj Escandar; Host DMC; los jurados Mantek, Lelu, Lck y los raperos Owen, Eska, Dani y Ezek.<\/p>\n<h4>Domingo 18 de septiembre<\/h4>\n<p>17 horas: Remedios Descarada<\/p>\n<p>Banda formada a fines del 2019 con identidad musical entre lo indie y el rock, que incluyen bases r\u00edtmicas potentes.<\/p>\n<p>Ademas de\u00a0sintetizadores experimentales, violines, bajo, guitarra y arreglos vocales. La identidad del grupo.<\/p>\n<p>Est\u00e1 integrada por Bernarda Diosque (Guitarra y Voz), Noelia Antelo (sinte, viol\u00edn y coros) y Mariana Rodr\u00edguez Fuentes (bajo y coros).<\/p>\n<p>Esto con diferentes trayectorias por el ambiente musical local.<\/p>\n<p>19 horas: Murga Pa\u2019Ladrar Fino<\/p>\n<p>Formaci\u00f3n esc\u00e9nica y musical que aborda distintos temas sociales y de la cotidianidad tucumana, tomando prestado el famoso y colorido estilo de la murga uruguaya.<\/p>\n","protected":false},"excerpt":{"rendered":"<p>EducaTec, la muestra de arte, ciencia y tecnolog\u00eda que se desarrolla hasta el 21 de septiembre en el Centro de Innovaci\u00f3n del Ministerio de Educaci\u00f3n. EducaTec: (Jos\u00e9 Ingenieros 260, Capital) tendr\u00e1 espect\u00e1culos gratuitos para toda la familia durante el fin de semana. El Ministerio de Cultura de la Naci\u00f3n pone en marcha Festivales Argentinos, una [&hellip;]<\/p>\n","protected":false},"author":1,"featured_media":9095,"comment_status":"open","ping_status":"closed","sticky":false,"template":"","format":"standard","meta":{"footnotes":""},"categories":[4,5],"tags":[],"class_list":["post-9093","post","type-post","status-publish","format-standard","has-post-thumbnail","hentry","category-espectaculos","category-internacional"],"_links":{"self":[{"href":"https:\/\/podernacional.com\/index.php?rest_route=\/wp\/v2\/posts\/9093","targetHints":{"allow":["GET"]}}],"collection":[{"href":"https:\/\/podernacional.com\/index.php?rest_route=\/wp\/v2\/posts"}],"about":[{"href":"https:\/\/podernacional.com\/index.php?rest_route=\/wp\/v2\/types\/post"}],"author":[{"embeddable":true,"href":"https:\/\/podernacional.com\/index.php?rest_route=\/wp\/v2\/users\/1"}],"replies":[{"embeddable":true,"href":"https:\/\/podernacional.com\/index.php?rest_route=%2Fwp%2Fv2%2Fcomments&post=9093"}],"version-history":[{"count":1,"href":"https:\/\/podernacional.com\/index.php?rest_route=\/wp\/v2\/posts\/9093\/revisions"}],"predecessor-version":[{"id":9094,"href":"https:\/\/podernacional.com\/index.php?rest_route=\/wp\/v2\/posts\/9093\/revisions\/9094"}],"wp:featuredmedia":[{"embeddable":true,"href":"https:\/\/podernacional.com\/index.php?rest_route=\/wp\/v2\/media\/9095"}],"wp:attachment":[{"href":"https:\/\/podernacional.com\/index.php?rest_route=%2Fwp%2Fv2%2Fmedia&parent=9093"}],"wp:term":[{"taxonomy":"category","embeddable":true,"href":"https:\/\/podernacional.com\/index.php?rest_route=%2Fwp%2Fv2%2Fcategories&post=9093"},{"taxonomy":"post_tag","embeddable":true,"href":"https:\/\/podernacional.com\/index.php?rest_route=%2Fwp%2Fv2%2Ftags&post=9093"}],"curies":[{"name":"wp","href":"https:\/\/api.w.org\/{rel}","templated":true}]}}