{"id":9105,"date":"2022-09-16T20:48:01","date_gmt":"2022-09-17T01:48:01","guid":{"rendered":"https:\/\/podernacional.com\/?p=9105"},"modified":"2022-09-17T01:48:02","modified_gmt":"2022-09-17T01:48:02","slug":"mineros-de-zacatecas-presente-en-la-copa-independencia","status":"publish","type":"post","link":"https:\/\/podernacional.com\/?p=9105","title":{"rendered":"Mineros de Zacatecas presente en la Copa Independencia"},"content":{"rendered":"<h4>Participan en el torneo los Gallos del Quer\u00e9taro, los Alebrijes de Oaxaca, Celaya FC y los Mineros de Zacatecas<\/h4>\n<p>Copa Independencia: Uno de los prop\u00f3sito de los organizadores de la Copa de Futbol Independencia, es proyectar a los tanto a los elementos de la Sub 14<\/p>\n<p>Con la participaci\u00f3n de cuatro equipos filiales, entre ellos los de Mineros de Zacatecas, pertenecientes a las categor\u00edas sub 17 y sub 14.<\/p>\n<p>Lo cual\u00a0inici\u00f3 la Copa de Futbol Independencia 2022, con sede en la ciudad de Celaya, Guanajuato.<\/p>\n<p>Ademas que se realizar\u00e1 durante los d\u00edas 16, 17 y 18 de septiembre.<\/p>\n<p>De los cuales, Intervienen en esta justa futbolera promocional, las escuadras de las fuerzas b\u00e1sicas de los clubes de:<\/p>\n<p>As\u00ed como, Los Gallos del Quer\u00e9taro, los Alebrijes de Oaxaca, Celaya FC y los Mineros de Zacatecas.<\/p>\n<p>Los cuales\u00a0han sido considerados, debido a que cuentan con los j\u00f3venes de sus filiales que son los que conforman las fuerzas b\u00e1sicas.<\/p>\n<h4>Los Mineros de Zacatecas se han preparado para hacerle frente a este compromiso.<\/h4>\n<p>Ademas que\u00a0por lo que existe confianza de que puedan obtener resultados altamente positivos, ante los otros tres conjuntos restantes que se mencionan.<\/p>\n<p>Uno de los prop\u00f3sito de los organizadores de la Copa de Futbol Independencia, es proyectar a los tanto a los elementos de la Sub 14.<\/p>\n<p>Esto, en su proceso formativo y en el caso de la Sub 17, observar el desarrollo de los muchachos.<\/p>\n<p>Ademas que\u00a0efecto de que puedan poner de manifiesto en el terreno de juegos sus avances.<\/p>\n<p>La detecci\u00f3n de las cualidades de los j\u00f3venes es que puedan ser canalizados hacia el futbol profesional mexicano.<\/p>\n<p>Por ende, ya sea en la Liga Premier de la Segunda Divisi\u00f3n, as\u00ed como en la Liga de Expansi\u00f3n MX.<\/p>\n<p>Esto, sin descartar que la proyecci\u00f3n se pueda extender hasta la Liga MX, que es la m\u00e1xima divisi\u00f3n que existe en nuestro pa\u00eds.<\/p>\n","protected":false},"excerpt":{"rendered":"<p>Participan en el torneo los Gallos del Quer\u00e9taro, los Alebrijes de Oaxaca, Celaya FC y los Mineros de Zacatecas Copa Independencia: Uno de los prop\u00f3sito de los organizadores de la Copa de Futbol Independencia, es proyectar a los tanto a los elementos de la Sub 14 Con la participaci\u00f3n de cuatro equipos filiales, entre ellos [&hellip;]<\/p>\n","protected":false},"author":1,"featured_media":9107,"comment_status":"open","ping_status":"closed","sticky":false,"template":"","format":"standard","meta":{"footnotes":""},"categories":[3,7],"tags":[],"class_list":["post-9105","post","type-post","status-publish","format-standard","has-post-thumbnail","hentry","category-deportes","category-nacional"],"_links":{"self":[{"href":"https:\/\/podernacional.com\/index.php?rest_route=\/wp\/v2\/posts\/9105","targetHints":{"allow":["GET"]}}],"collection":[{"href":"https:\/\/podernacional.com\/index.php?rest_route=\/wp\/v2\/posts"}],"about":[{"href":"https:\/\/podernacional.com\/index.php?rest_route=\/wp\/v2\/types\/post"}],"author":[{"embeddable":true,"href":"https:\/\/podernacional.com\/index.php?rest_route=\/wp\/v2\/users\/1"}],"replies":[{"embeddable":true,"href":"https:\/\/podernacional.com\/index.php?rest_route=%2Fwp%2Fv2%2Fcomments&post=9105"}],"version-history":[{"count":1,"href":"https:\/\/podernacional.com\/index.php?rest_route=\/wp\/v2\/posts\/9105\/revisions"}],"predecessor-version":[{"id":9106,"href":"https:\/\/podernacional.com\/index.php?rest_route=\/wp\/v2\/posts\/9105\/revisions\/9106"}],"wp:featuredmedia":[{"embeddable":true,"href":"https:\/\/podernacional.com\/index.php?rest_route=\/wp\/v2\/media\/9107"}],"wp:attachment":[{"href":"https:\/\/podernacional.com\/index.php?rest_route=%2Fwp%2Fv2%2Fmedia&parent=9105"}],"wp:term":[{"taxonomy":"category","embeddable":true,"href":"https:\/\/podernacional.com\/index.php?rest_route=%2Fwp%2Fv2%2Fcategories&post=9105"},{"taxonomy":"post_tag","embeddable":true,"href":"https:\/\/podernacional.com\/index.php?rest_route=%2Fwp%2Fv2%2Ftags&post=9105"}],"curies":[{"name":"wp","href":"https:\/\/api.w.org\/{rel}","templated":true}]}}