{"id":9132,"date":"2022-09-17T20:11:59","date_gmt":"2022-09-18T01:11:59","guid":{"rendered":"https:\/\/podernacional.com\/?p=9132"},"modified":"2022-09-18T01:12:01","modified_gmt":"2022-09-18T01:12:01","slug":"beneficia-gobierno-de-zacatecas-a-679-personas-con-discapacidad-con-apoyos-funcionales","status":"publish","type":"post","link":"https:\/\/podernacional.com\/?p=9132","title":{"rendered":"Beneficia Gobierno de Zacatecas a 679 personas con discapacidad con apoyos funcionales"},"content":{"rendered":"<h4>A trav\u00e9s del Instituto para la Atenci\u00f3n e Inclusi\u00f3n de las Personas con Discapacidad, se han entregados aparatos auditivos.<\/h4>\n<p>Apoyos funcionales: Los cuales son de diferentes tipos de sillas de ruedas, andaderas y bastones blancos y fijos<\/p>\n<p><a href=\"https:\/\/www.zacatecas.gob.mx\/\">Zacatecas<\/a>, Zac., Septiembre de 2022.- El Gobierno de Zacatecas.<\/p>\n<p>A\u00a0trav\u00e9s del Instituto para la Atenci\u00f3n e Inclusi\u00f3n de las Personas con Discapacidad ha entregado 679 apoyos funcionales.<\/p>\n<p>Con esto,\u00a0beneficio de 332 mujeres y 347 hombres de todo el estado, quienes han podido mejorar su calidad de vida.<\/p>\n<p>A la fecha, han sido 40 los municipios beneficiados con apoyos funcionales como:<\/p>\n<h4>Ademas de sillas de ruedas, andaderas, bast\u00f3n blanco, bast\u00f3n fijo, silla de ruedas tipo cama y silla de ruedas para par\u00e1lisis cerebral.<\/h4>\n<p>As\u00ed como con una inversi\u00f3n global de 1.4 millones de pesos.<\/p>\n<p>Adem\u00e1s, se han entregado 184 aparatos auditivos para 60 mujeres y 55 hombres.<\/p>\n<p>A\u00a0quienes se les ha generado una mayor oportunidad de desarrollo social, laboral y escolar.<\/p>\n<p>Ya que\u00a0toda vez que se les visibiliza y dignifica su calidad de vida.<\/p>\n<p>Durante las entregas de estos apoyos, el Gobierno de Zacatecas realiz\u00f3 valoraciones del grado de p\u00e9rdida auditiva, cambio de moldes y repuestos de bater\u00edas.<\/p>\n<p>Con estas acciones, el Gobierno de Zacatecas cumple su compromiso de trabajar .<\/p>\n<p>Por dicha\u00a0la justicia social de uno de los sectores m\u00e1s vulnerables de la poblaci\u00f3n.<\/p>\n","protected":false},"excerpt":{"rendered":"<p>A trav\u00e9s del Instituto para la Atenci\u00f3n e Inclusi\u00f3n de las Personas con Discapacidad, se han entregados aparatos auditivos. Apoyos funcionales: Los cuales son de diferentes tipos de sillas de ruedas, andaderas y bastones blancos y fijos Zacatecas, Zac., Septiembre de 2022.- El Gobierno de Zacatecas. A\u00a0trav\u00e9s del Instituto para la Atenci\u00f3n e Inclusi\u00f3n de [&hellip;]<\/p>\n","protected":false},"author":1,"featured_media":9134,"comment_status":"open","ping_status":"closed","sticky":false,"template":"","format":"standard","meta":{"footnotes":""},"categories":[7,9,11],"tags":[],"class_list":["post-9132","post","type-post","status-publish","format-standard","has-post-thumbnail","hentry","category-nacional","category-politica","category-salud"],"_links":{"self":[{"href":"https:\/\/podernacional.com\/index.php?rest_route=\/wp\/v2\/posts\/9132","targetHints":{"allow":["GET"]}}],"collection":[{"href":"https:\/\/podernacional.com\/index.php?rest_route=\/wp\/v2\/posts"}],"about":[{"href":"https:\/\/podernacional.com\/index.php?rest_route=\/wp\/v2\/types\/post"}],"author":[{"embeddable":true,"href":"https:\/\/podernacional.com\/index.php?rest_route=\/wp\/v2\/users\/1"}],"replies":[{"embeddable":true,"href":"https:\/\/podernacional.com\/index.php?rest_route=%2Fwp%2Fv2%2Fcomments&post=9132"}],"version-history":[{"count":1,"href":"https:\/\/podernacional.com\/index.php?rest_route=\/wp\/v2\/posts\/9132\/revisions"}],"predecessor-version":[{"id":9133,"href":"https:\/\/podernacional.com\/index.php?rest_route=\/wp\/v2\/posts\/9132\/revisions\/9133"}],"wp:featuredmedia":[{"embeddable":true,"href":"https:\/\/podernacional.com\/index.php?rest_route=\/wp\/v2\/media\/9134"}],"wp:attachment":[{"href":"https:\/\/podernacional.com\/index.php?rest_route=%2Fwp%2Fv2%2Fmedia&parent=9132"}],"wp:term":[{"taxonomy":"category","embeddable":true,"href":"https:\/\/podernacional.com\/index.php?rest_route=%2Fwp%2Fv2%2Fcategories&post=9132"},{"taxonomy":"post_tag","embeddable":true,"href":"https:\/\/podernacional.com\/index.php?rest_route=%2Fwp%2Fv2%2Ftags&post=9132"}],"curies":[{"name":"wp","href":"https:\/\/api.w.org\/{rel}","templated":true}]}}