{"id":9135,"date":"2022-09-17T20:24:54","date_gmt":"2022-09-18T01:24:54","guid":{"rendered":"https:\/\/podernacional.com\/?p=9135"},"modified":"2022-09-18T01:24:55","modified_gmt":"2022-09-18T01:24:55","slug":"gran-encierro-de-dguadiana-en-zacatecas","status":"publish","type":"post","link":"https:\/\/podernacional.com\/?p=9135","title":{"rendered":"Gran encierro de D\u2019Guadiana en Zacatecas"},"content":{"rendered":"<h4>Todas las tardes de toros nos dejan una huella especial.<\/h4>\n<p>D\u2019Guadiana: Por ende, la tarde de este viernes en la Corrida de la Independencia ser\u00e1 una de las m\u00e1s recordadas por la afici\u00f3n zacatecana.<\/p>\n<p>Un encierro del hierro de D\u2019Guadiana que dio una nota muy alta a sus criadores:<\/p>\n<p>Al ingeniero Armando Guadiana y a su fiel escudero en esta traves\u00eda de la crianza de toro de lidia, H\u00e9ctor Saucedo.<\/p>\n<p>Qu\u00e9 gran tarde nos regal\u00f3 una ganader\u00eda con historia que guarda en su legado el nombre de Jes\u00fas Cabrera.<\/p>\n<p>Los toros, la materia prima, funcionaron a cabalidad y cumpli\u00f3 con creces, exceptuando el segundo y quinto, \u00e9ste, el de menos juego de todos.<\/p>\n<p>Pero qu\u00e9 ser\u00eda del juego de los toros sin tres toreros que nos confirmaron que en M\u00e9xico tenemos una s\u00f3lida cantera.<\/p>\n<p>As\u00ed como de Juan Pablo S\u00e1nchez, Arturo Sald\u00edvar y Sergio Flores, nos regalaron una tarde de toros que perdurar\u00e1.<\/p>\n<p>Por ende,\u00a0nos confirma que en nuestro pa\u00eds tenemos gallos de aut\u00e9ntica pelea.<\/p>\n<h4>La salida a hombros correspondi\u00f3 a Juan Pablo S\u00e1nchez (dos orejas) y a Arturo Sald\u00edvar (dos orejas en el de regalo).<\/h4>\n<p>Esto, mientras Sergio Flores cort\u00f3 una oreja a ley en su primero, no teniendo opci\u00f3n alguna con su segundo.<\/p>\n<p>\u201cGanadero\u201d, de 467 kilos, primero de la tarde para Juan Pablo S\u00e1nchez que tuvo un buen saludo capotero al recrearse por ver\u00f3nicas.<\/p>\n<p>Brindis al respetable y comienzo de faena en los medios por el pit\u00f3n derecho, corriendo la mano ante la nobleza que mostr\u00f3 el de D\u2019Guadiana.<\/p>\n<p>Temple y clase aquilatados en una faena donde la nota alta fue firmada por la diestra en los primeros pasajes.<\/p>\n<p>Por el izquierdo, largo y profundo con exquisitez y mando, que largo fue el trazo de Juan Pablo.<\/p>\n<p>El cual estaba acompa\u00f1ando, roto completamente y fundi\u00e9ndose ante las buenas embestidas del astado.<\/p>\n<p>El toreo redondo, pausado, a ritmo, y un cambio de mano que quedar\u00e1 en la posteridad. Rubric\u00f3 al primer viaje y cort\u00f3 una oreja.<\/p>\n<p>El cuarto de la lidia ordinaria fue Cerezo de 469 kilos, c\u00e1rdeno, paliabierto, astifino al que Juan Pablo tore\u00f3 con cadencia por ver\u00f3nicas.<\/p>\n<p>En la faena una vez m\u00e1s, su pulso y mando. Tore\u00f3 a c\u00e1mara lenta al natural, tambi\u00e9n por el pit\u00f3n derecho, con parsimonia.<\/p>\n<h4>La madurez que va en su cuerpo no la mostr\u00f3 de la mano de sus conocimientos de la lidia de los toros.<\/h4>\n<p>Con esto,\u00a0S\u00e1nchez no obliga a los toros.<\/p>\n<p>Esto,\u00a0por el contrario, le da su aire, su tiempo, y por eso, result\u00f3 una faena tan importante.<\/p>\n<p>Mat\u00f3 al primer viaje y cort\u00f3 una oreja.<\/p>\n<p>El segundo de la tarde, Tichin, de 497 kilos, para Arturo Sald\u00edvar que dej\u00f3 una faena poderosa, estando muy por encima, y siendo aplaudido.<\/p>\n<p>Lo mejor para Sald\u00edvar lleg\u00f3 con el cierra plaza de nombre Tequila con el que consigui\u00f3 emocionar.<\/p>\n<p>Ademas de hacer vibrar a la afici\u00f3n en los tendidos de la Monumental Zacatecas.<\/p>\n<p>El torero de Aguascalientes comenz\u00f3 su faena de hinojos, para despu\u00e9s correr la mano por pit\u00f3n derecho.<\/p>\n<p>Con esto,\u00a0por el izquierdo firm\u00f3 los naturales largos y templados, pases en redondo, los molinetes, las manoletinas.<\/p>\n<p>Por ende se\u00a0culmin\u00f3 la labor mediante un estoconazo, que le valieron los dos ap\u00e9ndices.<\/p>\n<p>El toro mereci\u00f3 el arrastre lento y Sald\u00edvar conquist\u00f3 dos orejas.<\/p>\n<p>Lo cual est\u00e1\u00a0dando la vuelta al ruedo con el ganadero Armando Guadiana Tijerina, y su hijo, Armando Guadiana.<\/p>\n<p>Nuecero, tercero de la tarde para Sergio Flores que tore\u00f3 con mando desde el saludo capotero, elegante por ver\u00f3nicas.<\/p>\n<h4>As\u00ed como del remate con pintureria soltando la punta del capote.<\/h4>\n<p>Una faena muy inteligente la que firm\u00f3 Sergio Flores cuajando muletazos de calidad, muy templados, brotando la naturalidad de su toreo.<\/p>\n<p>Faena por ambos lados, la muleta con mando, templada, gran estocada para cortar una oreja.<\/p>\n<p>El n\u00famero 81, se llam\u00f3 Alfarero de 470 kilos, que fue protestado por la gente, debido a las condiciones del ejemplar.<\/p>\n<p>Por ende, Sergio Flores, no tuvo tela de donde cortar, por lo que abrevi\u00f3 (D\u2019Guadiana ).<\/p>\n","protected":false},"excerpt":{"rendered":"<p>Todas las tardes de toros nos dejan una huella especial. D\u2019Guadiana: Por ende, la tarde de este viernes en la Corrida de la Independencia ser\u00e1 una de las m\u00e1s recordadas por la afici\u00f3n zacatecana. Un encierro del hierro de D\u2019Guadiana que dio una nota muy alta a sus criadores: Al ingeniero Armando Guadiana y a [&hellip;]<\/p>\n","protected":false},"author":1,"featured_media":9137,"comment_status":"open","ping_status":"closed","sticky":false,"template":"","format":"standard","meta":{"footnotes":""},"categories":[2,3,7],"tags":[],"class_list":["post-9135","post","type-post","status-publish","format-standard","has-post-thumbnail","hentry","category-cultural","category-deportes","category-nacional"],"_links":{"self":[{"href":"https:\/\/podernacional.com\/index.php?rest_route=\/wp\/v2\/posts\/9135","targetHints":{"allow":["GET"]}}],"collection":[{"href":"https:\/\/podernacional.com\/index.php?rest_route=\/wp\/v2\/posts"}],"about":[{"href":"https:\/\/podernacional.com\/index.php?rest_route=\/wp\/v2\/types\/post"}],"author":[{"embeddable":true,"href":"https:\/\/podernacional.com\/index.php?rest_route=\/wp\/v2\/users\/1"}],"replies":[{"embeddable":true,"href":"https:\/\/podernacional.com\/index.php?rest_route=%2Fwp%2Fv2%2Fcomments&post=9135"}],"version-history":[{"count":1,"href":"https:\/\/podernacional.com\/index.php?rest_route=\/wp\/v2\/posts\/9135\/revisions"}],"predecessor-version":[{"id":9136,"href":"https:\/\/podernacional.com\/index.php?rest_route=\/wp\/v2\/posts\/9135\/revisions\/9136"}],"wp:featuredmedia":[{"embeddable":true,"href":"https:\/\/podernacional.com\/index.php?rest_route=\/wp\/v2\/media\/9137"}],"wp:attachment":[{"href":"https:\/\/podernacional.com\/index.php?rest_route=%2Fwp%2Fv2%2Fmedia&parent=9135"}],"wp:term":[{"taxonomy":"category","embeddable":true,"href":"https:\/\/podernacional.com\/index.php?rest_route=%2Fwp%2Fv2%2Fcategories&post=9135"},{"taxonomy":"post_tag","embeddable":true,"href":"https:\/\/podernacional.com\/index.php?rest_route=%2Fwp%2Fv2%2Ftags&post=9135"}],"curies":[{"name":"wp","href":"https:\/\/api.w.org\/{rel}","templated":true}]}}