{"id":9138,"date":"2022-09-17T20:41:05","date_gmt":"2022-09-18T01:41:05","guid":{"rendered":"https:\/\/podernacional.com\/?p=9138"},"modified":"2022-09-18T01:41:06","modified_gmt":"2022-09-18T01:41:06","slug":"aumentara-el-calor-y-disminuiran-lluvias-en-quintana-roo","status":"publish","type":"post","link":"https:\/\/podernacional.com\/?p=9138","title":{"rendered":"Aumentar\u00e1 el calor y disminuir\u00e1n lluvias en Quintana Roo"},"content":{"rendered":"<h4>El clima en la Pen\u00ednsula de <a href=\"https:\/\/www.yucatan.gob.mx\/\">Yucat\u00e1n<\/a> comenzar\u00e1 a mejorar este s\u00e1bado, con una disminuci\u00f3n de las lluvias y un aumento del calor.<\/h4>\n<p>Disminuir\u00e1n lluvias: La humedad impulsada por los vientos del este y sureste provocar\u00e1n cielo medio nublado con algunas lluvias poco relevantes sobre Quintana Roo.<\/p>\n<p>La tormenta tropical Fiona ingres\u00f3 durante la noche a las aguas del Caribe oriental.<\/p>\n<p>Por ende, sin que su ubicaci\u00f3n y trayectoria representa alg\u00fan riesgo para la Pen\u00ednsula de Yucat\u00e1n.<\/p>\n<p>La temperatura m\u00e1s baja para este s\u00e1bado ser\u00e1 de 23.7 grados cent\u00edgrados.<\/p>\n<p>Mientras que la m\u00e1s alta llegar\u00e1 a un margen entre 32 y 34 grados.<\/p>\n<p>Lluvias de corta duraci\u00f3n en Tulum<\/p>\n<p>El Sistema municipal de Protecci\u00f3n Civil de Tulum prev\u00e9 ambiente soleado, caluroso y mayormente estable para este s\u00e1bado.<\/p>\n<p>No se descartan chubascos dispersos en horas de la ma\u00f1ana, noche y\/o madrugada, los cuales ser\u00e1n de corta duraci\u00f3n y sin mayor novedad.<\/p>\n<p>Se recomienda hidratarse constantemente durante el d\u00eda, evitar la exposici\u00f3n directa al sol en horas de mayor radiaci\u00f3n y usar protector solar.<\/p>\n<h4>Mucho calor en Solidaridad<\/h4>\n<p>La Secretar\u00eda de Protecci\u00f3n Civil, Prevenci\u00f3n de Riesgos y Bomberos de Solidaridad inform\u00f3 que se espera ambiente caluroso este s\u00e1bado.<\/p>\n<p>Con esto, el cielo medio nublado y bajas probabilidades de lluvias, con esto disminuir\u00e1n lluvias.<\/p>\n<p>Habr\u00e1 vientos moderados del noreste al este de 15 a 25 kil\u00f3metros por hora, con rachas de hasta 40 kil\u00f3metros por hora.<\/p>\n<p>A la poblaci\u00f3n en general se les recomienda no permanecer tiempo prolongado a la intemperie, tomar abundante agua.<\/p>\n<p>As\u00ed como de vestir ropas claras de fibras naturales, evitando los golpes de calor.<\/p>\n","protected":false},"excerpt":{"rendered":"<p>El clima en la Pen\u00ednsula de Yucat\u00e1n comenzar\u00e1 a mejorar este s\u00e1bado, con una disminuci\u00f3n de las lluvias y un aumento del calor. Disminuir\u00e1n lluvias: La humedad impulsada por los vientos del este y sureste provocar\u00e1n cielo medio nublado con algunas lluvias poco relevantes sobre Quintana Roo. La tormenta tropical Fiona ingres\u00f3 durante la noche [&hellip;]<\/p>\n","protected":false},"author":1,"featured_media":9140,"comment_status":"open","ping_status":"closed","sticky":false,"template":"","format":"standard","meta":{"footnotes":""},"categories":[6,10],"tags":[],"class_list":["post-9138","post","type-post","status-publish","format-standard","has-post-thumbnail","hentry","category-local","category-quintana-roo"],"_links":{"self":[{"href":"https:\/\/podernacional.com\/index.php?rest_route=\/wp\/v2\/posts\/9138","targetHints":{"allow":["GET"]}}],"collection":[{"href":"https:\/\/podernacional.com\/index.php?rest_route=\/wp\/v2\/posts"}],"about":[{"href":"https:\/\/podernacional.com\/index.php?rest_route=\/wp\/v2\/types\/post"}],"author":[{"embeddable":true,"href":"https:\/\/podernacional.com\/index.php?rest_route=\/wp\/v2\/users\/1"}],"replies":[{"embeddable":true,"href":"https:\/\/podernacional.com\/index.php?rest_route=%2Fwp%2Fv2%2Fcomments&post=9138"}],"version-history":[{"count":1,"href":"https:\/\/podernacional.com\/index.php?rest_route=\/wp\/v2\/posts\/9138\/revisions"}],"predecessor-version":[{"id":9139,"href":"https:\/\/podernacional.com\/index.php?rest_route=\/wp\/v2\/posts\/9138\/revisions\/9139"}],"wp:featuredmedia":[{"embeddable":true,"href":"https:\/\/podernacional.com\/index.php?rest_route=\/wp\/v2\/media\/9140"}],"wp:attachment":[{"href":"https:\/\/podernacional.com\/index.php?rest_route=%2Fwp%2Fv2%2Fmedia&parent=9138"}],"wp:term":[{"taxonomy":"category","embeddable":true,"href":"https:\/\/podernacional.com\/index.php?rest_route=%2Fwp%2Fv2%2Fcategories&post=9138"},{"taxonomy":"post_tag","embeddable":true,"href":"https:\/\/podernacional.com\/index.php?rest_route=%2Fwp%2Fv2%2Ftags&post=9138"}],"curies":[{"name":"wp","href":"https:\/\/api.w.org\/{rel}","templated":true}]}}