{"id":9147,"date":"2022-09-19T15:01:32","date_gmt":"2022-09-19T20:01:32","guid":{"rendered":"https:\/\/podernacional.com\/?p=9147"},"modified":"2022-09-19T20:01:41","modified_gmt":"2022-09-19T20:01:41","slug":"por-tercera-vez-tiembla-el-19-de-septiembre-en-mexico","status":"publish","type":"post","link":"https:\/\/podernacional.com\/?p=9147","title":{"rendered":"Por tercera vez tiembla el 19 de septiembre en M\u00e9xico"},"content":{"rendered":"<h4 style=\"text-align: center;\"><strong class=\"bajada\">Alrededor de las 13:05, de acuerdo al Servicio Sismol\u00f3gico Nacional, el movimiento se sinti\u00f3 desde Jalisco y Michoac\u00e1n, estado este \u00faltimo en el que se registr\u00f3 el epicentro, concretamente en Coalcoman.<\/strong><\/h4>\n<div class=\"row\">\n<div class=\"col-md-1 col-sticky\">\n<div class=\"inner-share-bar cf\">\n<div class=\"item\">\n<p>Un sismo magnitud de 7.7\u00a0grados\u00a0sacudi\u00f3 de occidente al centro del pa\u00eds.\u00a0El temblor ocurre justo un 19 de septiembre, fecha en la que se han registrado los peores terremotos para el pa\u00eds y se\u00f1aladamente para la Ciudad de M\u00e9xico, tanto en 1985 como en 2017.<\/p>\n<p>En un primer reporte, a las 13:05:07\u00a0 el Sismol\u00f3gico Nacional inform\u00f3 de manera preliminar que el sismo hab\u00eda sido magnitud 6.8. Minutos m\u00e1s tarde, actualiz\u00f3 a magnitud 7.4 y alrededor de las 14:40 horas volvi\u00f3 a actualizar a 7.7.<\/p>\n<p>Alrededor de las 13:05, de acuerdo al Servicio Sismol\u00f3gico Nacional (SMN), el movimiento se sinti\u00f3 en\u00a0Jalisco, Morelos, Estado de M\u00e9xico, CDMX, Puebla, Quer\u00e9taro, Guanajuato, Aguascalientes San Luis Potos\u00ed\u00a0y Michoac\u00e1n, estado este \u00faltimo en el que se registr\u00f3 el epicentro, concretamente en Coalcoman.<\/p>\n<div class=\"widget-twitter\">\n<p>Por su parte, la jefa de gobierno de la Ciudad de M\u00e9xico refiri\u00f3 que \u00abhasta el momento no se reportan da\u00f1os en la Ciudad. Cinco c\u00f3ndores de la Secretar\u00eda de Seguridad Ciudadana siguen haciendo sobrevuelo\u00bb.<\/p>\n<div class=\"widget-twitter\">\n<p>Por su parte, Omar Garc\u00eda Harfuch, secretario de Seguridad Ciudadana, inform\u00f3 que en la Ciudad de M\u00e9xico \u00abno hay da\u00f1os ni novedades relevantes al momento\u00bb.<\/p>\n<div class=\"widget-twitter\">\n<p>Por su magnitud,\u00a0 se percibi\u00f3 intensamente hasta en el centro del pa\u00eds.<\/p>\n<p>Una hora antes, el pa\u00eds particip\u00f3 del Simulacro Nacional, del mismo modo en que sucedi\u00f3 en 2017, cuando poco despu\u00e9s del simulacro sucedi\u00f3 la sacudida.<\/p>\n<\/div>\n<\/div>\n<\/div>\n<\/div>\n<\/div>\n<\/div>\n<\/div>\n","protected":false},"excerpt":{"rendered":"<p>Alrededor de las 13:05, de acuerdo al Servicio Sismol\u00f3gico Nacional, el movimiento se sinti\u00f3 desde Jalisco y Michoac\u00e1n, estado este \u00faltimo en el que se registr\u00f3 el epicentro, concretamente en Coalcoman. Un sismo magnitud de 7.7\u00a0grados\u00a0sacudi\u00f3 de occidente al centro del pa\u00eds.\u00a0El temblor ocurre justo un 19 de septiembre, fecha en la que se han [&hellip;]<\/p>\n","protected":false},"author":1,"featured_media":9149,"comment_status":"open","ping_status":"closed","sticky":false,"template":"","format":"standard","meta":{"footnotes":""},"categories":[2,7],"tags":[],"class_list":["post-9147","post","type-post","status-publish","format-standard","has-post-thumbnail","hentry","category-cultural","category-nacional"],"_links":{"self":[{"href":"https:\/\/podernacional.com\/index.php?rest_route=\/wp\/v2\/posts\/9147","targetHints":{"allow":["GET"]}}],"collection":[{"href":"https:\/\/podernacional.com\/index.php?rest_route=\/wp\/v2\/posts"}],"about":[{"href":"https:\/\/podernacional.com\/index.php?rest_route=\/wp\/v2\/types\/post"}],"author":[{"embeddable":true,"href":"https:\/\/podernacional.com\/index.php?rest_route=\/wp\/v2\/users\/1"}],"replies":[{"embeddable":true,"href":"https:\/\/podernacional.com\/index.php?rest_route=%2Fwp%2Fv2%2Fcomments&post=9147"}],"version-history":[{"count":1,"href":"https:\/\/podernacional.com\/index.php?rest_route=\/wp\/v2\/posts\/9147\/revisions"}],"predecessor-version":[{"id":9148,"href":"https:\/\/podernacional.com\/index.php?rest_route=\/wp\/v2\/posts\/9147\/revisions\/9148"}],"wp:featuredmedia":[{"embeddable":true,"href":"https:\/\/podernacional.com\/index.php?rest_route=\/wp\/v2\/media\/9149"}],"wp:attachment":[{"href":"https:\/\/podernacional.com\/index.php?rest_route=%2Fwp%2Fv2%2Fmedia&parent=9147"}],"wp:term":[{"taxonomy":"category","embeddable":true,"href":"https:\/\/podernacional.com\/index.php?rest_route=%2Fwp%2Fv2%2Fcategories&post=9147"},{"taxonomy":"post_tag","embeddable":true,"href":"https:\/\/podernacional.com\/index.php?rest_route=%2Fwp%2Fv2%2Ftags&post=9147"}],"curies":[{"name":"wp","href":"https:\/\/api.w.org\/{rel}","templated":true}]}}