{"id":9153,"date":"2022-09-19T21:31:12","date_gmt":"2022-09-20T02:31:12","guid":{"rendered":"https:\/\/podernacional.com\/?p=9153"},"modified":"2022-09-20T02:31:13","modified_gmt":"2022-09-20T02:31:13","slug":"roger-federer-el-icono-mas-grande-del-tenis","status":"publish","type":"post","link":"https:\/\/podernacional.com\/?p=9153","title":{"rendered":"Roger Federer, el icono m\u00e1s grande del tenis"},"content":{"rendered":"<h4>En sus momentos de m\u00e1xima inspiraci\u00f3n, este irrepetible deportista jugaba a otra cosa.<\/h4>\n<p>Roger Federer: El vac\u00edo que deja es muy grande, pero su legado es todav\u00eda superior. Su huella es imborrable<\/p>\n<p>El legado de Federer: por qu\u00e9 su retirada puede marcar el fin de una era<\/p>\n<p>Federer besa el trofeo de campe\u00f3n de Wimbledon en 2017.<\/p>\n<p>Finalmente ha llegado la noticia que desde hace cierto tiempo los amantes del tenis nos tem\u00edamos.<\/p>\n<p>Despu\u00e9s de unos a\u00f1os de recurrentes problemas y operaciones en su rodilla, y de entender que era inviable volver a la competici\u00f3n.<\/p>\n<p>Por ende,\u00a0Roger Federer anunci\u00f3 el pasado jueves su retirada en la Rod Laver Cup.<\/p>\n<p>Me entristeci\u00f3 mucho conocer el anuncio, por mucho que est\u00e9 dentro de lo normal e, incluso, de lo intuido.<\/p>\n<p>\u00daltimamente, hablando de Roger con mis tres hijos que, evidentemente.<\/p>\n<p>Tambi\u00e9n lo admiran mucho, yo les hab\u00eda expresado el deseo de que llegado el momento.<\/p>\n<h4>As\u00ed como del icono m\u00e1s grande del tenis se despidiera en una \u00faltima gira de los cuatro torneos del Grand Slam.<\/h4>\n<p>Esto, para recibir unos merecidos agradecimientos y la ovaci\u00f3n del p\u00fablico.<\/p>\n<p>Federer, la otra dimensi\u00f3n del tenis, se retira a los 41 a\u00f1os<\/p>\n<p>Yo dir\u00eda que casi nadie, para no ser categ\u00f3rico, ha conseguido igualarlo en su capacidad de aunar la elegancia.<\/p>\n<p>As\u00ed como de\u00a0plasticidad de sus movimientos con la efectividad y precisi\u00f3n de sus golpes.<\/p>\n<p>Logr\u00f3 con sus maneras exquisitas trascender su propio deporte; convertirse en referente mundial, cautivando a mucha m\u00e1s gente que a los propios seguidores del tenis.<\/p>\n<p>En sus momentos de m\u00e1xima inspiraci\u00f3n, daba la sensaci\u00f3n de que \u00e9l jugaba a otra cosa.<\/p>\n<p>Durante muchos a\u00f1os nos deleit\u00f3 con sutiles dejadas, voleas magistrales o devoluciones inveros\u00edmiles.<\/p>\n<p>Y todo ello, dando la sensaci\u00f3n de ni tan siquiera despeinarse.<\/p>\n<p>Un d\u00eda, estando yo en el vestuario del torneo de Montecarlo, entr\u00f3 \u00e9l reci\u00e9n acabado su partido en la pista central.<\/p>\n<p>\u201cSupongo que jugar\u00e1s toda la semana con la misma camiseta\u201d, le dije jocosamente viendo lo impoluta que la llevaba, sin una mancha de sudor.<\/p>\n<p>\u201cNo, llevo otra de repuesto\u201d, me contest\u00f3 con su amable sentido del humor.<\/p>\n<p>&nbsp;<\/p>\n<p>&nbsp;<\/p>\n","protected":false},"excerpt":{"rendered":"<p>En sus momentos de m\u00e1xima inspiraci\u00f3n, este irrepetible deportista jugaba a otra cosa. Roger Federer: El vac\u00edo que deja es muy grande, pero su legado es todav\u00eda superior. Su huella es imborrable El legado de Federer: por qu\u00e9 su retirada puede marcar el fin de una era Federer besa el trofeo de campe\u00f3n de Wimbledon [&hellip;]<\/p>\n","protected":false},"author":1,"featured_media":9155,"comment_status":"open","ping_status":"closed","sticky":false,"template":"","format":"standard","meta":{"footnotes":""},"categories":[3,4],"tags":[],"class_list":["post-9153","post","type-post","status-publish","format-standard","has-post-thumbnail","hentry","category-deportes","category-espectaculos"],"_links":{"self":[{"href":"https:\/\/podernacional.com\/index.php?rest_route=\/wp\/v2\/posts\/9153","targetHints":{"allow":["GET"]}}],"collection":[{"href":"https:\/\/podernacional.com\/index.php?rest_route=\/wp\/v2\/posts"}],"about":[{"href":"https:\/\/podernacional.com\/index.php?rest_route=\/wp\/v2\/types\/post"}],"author":[{"embeddable":true,"href":"https:\/\/podernacional.com\/index.php?rest_route=\/wp\/v2\/users\/1"}],"replies":[{"embeddable":true,"href":"https:\/\/podernacional.com\/index.php?rest_route=%2Fwp%2Fv2%2Fcomments&post=9153"}],"version-history":[{"count":1,"href":"https:\/\/podernacional.com\/index.php?rest_route=\/wp\/v2\/posts\/9153\/revisions"}],"predecessor-version":[{"id":9154,"href":"https:\/\/podernacional.com\/index.php?rest_route=\/wp\/v2\/posts\/9153\/revisions\/9154"}],"wp:featuredmedia":[{"embeddable":true,"href":"https:\/\/podernacional.com\/index.php?rest_route=\/wp\/v2\/media\/9155"}],"wp:attachment":[{"href":"https:\/\/podernacional.com\/index.php?rest_route=%2Fwp%2Fv2%2Fmedia&parent=9153"}],"wp:term":[{"taxonomy":"category","embeddable":true,"href":"https:\/\/podernacional.com\/index.php?rest_route=%2Fwp%2Fv2%2Fcategories&post=9153"},{"taxonomy":"post_tag","embeddable":true,"href":"https:\/\/podernacional.com\/index.php?rest_route=%2Fwp%2Fv2%2Ftags&post=9153"}],"curies":[{"name":"wp","href":"https:\/\/api.w.org\/{rel}","templated":true}]}}