{"id":9165,"date":"2022-09-19T21:52:08","date_gmt":"2022-09-20T02:52:08","guid":{"rendered":"https:\/\/podernacional.com\/?p=9165"},"modified":"2022-09-20T02:52:10","modified_gmt":"2022-09-20T02:52:10","slug":"arriban-efectivos-del-ejercito-mexicano-y-guardia-nacional-a-zacatecas","status":"publish","type":"post","link":"https:\/\/podernacional.com\/?p=9165","title":{"rendered":"Arriban efectivos del Ej\u00e9rcito Mexicano y Guardia Nacional a Zacatecas"},"content":{"rendered":"<h4>El arribo de m\u00e1s efectivos del Ej\u00e9rcito Mexicano y Guardia Nacional, como apoyo del Gobierno de M\u00e9xico.<\/h4>\n<p>Ej\u00e9rcito Mexicano: Por ende, el encabezado por el Presidente Andr\u00e9s Manuel L\u00f3pez Obrador, al Gobierno de Zacatecas, al frente del mandatario David Monreal \u00c1vila.<\/p>\n<p>Esto, coadyuvar\u00e1 en el despliegue y cobertura de la seguridad en el territorio zacatecano.<\/p>\n<p>As\u00ed lo inform\u00f3 el Secretario de Seguridad P\u00fablica, General Adolfo Mar\u00edn Mar\u00edn, quien reconoci\u00f3 que, dado el extenso territorio que ocupa el estado.<\/p>\n<p>Por ende, se complica cubrirlos por completo, ya que no s\u00f3lo cuenta con carreteras de primer orden, sino de segundo orden, caminos rurales.<\/p>\n<p>As\u00ed como de, brechas y caminamientos de dif\u00edcil acceso.<\/p>\n<p>Por ello, la llegada de 350 efectivos del Ej\u00e9rcito Mexicano y 228 elementos de la Guardia Nacional.<\/p>\n<p>Como parte del reforzamiento del Plan Zacatecas II, permitir\u00e1 incrementar la cobertura y las acciones coordinadas en materia de seguridad.<\/p>\n<h4>Ademas que\u00a0agreg\u00f3 que estos efectivos fueron asignados a proteger los municipios de Guadalupe, Jerez, Calera, Ojocaliente y Zacatecas.<\/h4>\n<p>En su conferencia de prensa semanal, el Secretario Mar\u00edn Mar\u00edn recalc\u00f3 que es indispensable la recuperaci\u00f3n de los valores.<\/p>\n<p>Ademas de\u00a0la educaci\u00f3n en el seno familiar para avanzar en la recuperaci\u00f3n de la paz.<\/p>\n<p>Detall\u00f3 tambi\u00e9n, que, como resultado de las acciones emprendidas por los integrantes de la Mesa Estatal de Construcci\u00f3n de Paz y Seguridad.<\/p>\n<p>As\u00ed como\u00a0a lo largo de una semana se logr\u00f3 la detenci\u00f3n de 45 personas por la probable comisi\u00f3n de delitos del fuero com\u00fan.<\/p>\n<p>Fueron asegurados siete veh\u00edculos relacionados con la probable comisi\u00f3n de un delito o porque contaban con reporte de robo.<\/p>\n<p>As\u00ed como de seis cargadores, 937 cartuchos \u00fatiles de diversos calibres y chalecos t\u00e1cticos.<\/p>\n<p>En la semana que va del 12 al 18 de septiembre, se localiz\u00f3 a dos personas que estaban reportadas como desaparecidas.<\/p>\n<p>Por ende, se rescat\u00f3 a tres v\u00edctimas de extorsi\u00f3n en su modalidad de secuestro virtual y se destruyeron tres campamentos utilizados por grupos delincuenciales.<\/p>\n","protected":false},"excerpt":{"rendered":"<p>El arribo de m\u00e1s efectivos del Ej\u00e9rcito Mexicano y Guardia Nacional, como apoyo del Gobierno de M\u00e9xico. Ej\u00e9rcito Mexicano: Por ende, el encabezado por el Presidente Andr\u00e9s Manuel L\u00f3pez Obrador, al Gobierno de Zacatecas, al frente del mandatario David Monreal \u00c1vila. Esto, coadyuvar\u00e1 en el despliegue y cobertura de la seguridad en el territorio zacatecano. [&hellip;]<\/p>\n","protected":false},"author":1,"featured_media":9167,"comment_status":"open","ping_status":"closed","sticky":false,"template":"","format":"standard","meta":{"footnotes":""},"categories":[7,8],"tags":[],"class_list":["post-9165","post","type-post","status-publish","format-standard","has-post-thumbnail","hentry","category-nacional","category-policia"],"_links":{"self":[{"href":"https:\/\/podernacional.com\/index.php?rest_route=\/wp\/v2\/posts\/9165","targetHints":{"allow":["GET"]}}],"collection":[{"href":"https:\/\/podernacional.com\/index.php?rest_route=\/wp\/v2\/posts"}],"about":[{"href":"https:\/\/podernacional.com\/index.php?rest_route=\/wp\/v2\/types\/post"}],"author":[{"embeddable":true,"href":"https:\/\/podernacional.com\/index.php?rest_route=\/wp\/v2\/users\/1"}],"replies":[{"embeddable":true,"href":"https:\/\/podernacional.com\/index.php?rest_route=%2Fwp%2Fv2%2Fcomments&post=9165"}],"version-history":[{"count":1,"href":"https:\/\/podernacional.com\/index.php?rest_route=\/wp\/v2\/posts\/9165\/revisions"}],"predecessor-version":[{"id":9166,"href":"https:\/\/podernacional.com\/index.php?rest_route=\/wp\/v2\/posts\/9165\/revisions\/9166"}],"wp:featuredmedia":[{"embeddable":true,"href":"https:\/\/podernacional.com\/index.php?rest_route=\/wp\/v2\/media\/9167"}],"wp:attachment":[{"href":"https:\/\/podernacional.com\/index.php?rest_route=%2Fwp%2Fv2%2Fmedia&parent=9165"}],"wp:term":[{"taxonomy":"category","embeddable":true,"href":"https:\/\/podernacional.com\/index.php?rest_route=%2Fwp%2Fv2%2Fcategories&post=9165"},{"taxonomy":"post_tag","embeddable":true,"href":"https:\/\/podernacional.com\/index.php?rest_route=%2Fwp%2Fv2%2Ftags&post=9165"}],"curies":[{"name":"wp","href":"https:\/\/api.w.org\/{rel}","templated":true}]}}